{"id":37175,"date":"2025-03-16T09:59:38","date_gmt":"2025-03-16T12:59:38","guid":{"rendered":"https:\/\/revistabife.com\/?p=37175"},"modified":"2025-03-16T09:59:39","modified_gmt":"2025-03-16T12:59:39","slug":"santa-rosa-junto-a-dos-amigos-un-menor-le-sustrajo-el-auto-al-padre-choco-escapo-y-se-resistio-a-la-policia","status":"publish","type":"post","link":"https:\/\/revistabife.com\/index.php\/2025\/03\/16\/santa-rosa-junto-a-dos-amigos-un-menor-le-sustrajo-el-auto-al-padre-choco-escapo-y-se-resistio-a-la-policia\/","title":{"rendered":"Santa Rosa: Junto a dos amigos, un menor le sustrajo el auto al padre, choc\u00f3, escap\u00f3 y se resisti\u00f3 a la Polic\u00eda"},"content":{"rendered":"\n<p>Fue en la madrugada de este domingo, alrededor de las 4:20, un llamado al 101 alert\u00f3 sobre un accidente en la intersecci\u00f3n de Sarmiento, Pellegrini, donde un autom\u00f3vil Toyota Corolla de color blanco colision\u00f3 con otro veh\u00edculo y se dio a la fuga.<br><br>BIFE pudo saber que minutos despu\u00e9s, un m\u00f3vil policial avist\u00f3 el auto circulando por Pellegrini en direcci\u00f3n a la avenida Uruguay, inici\u00e1ndose as\u00ed un operativo para su interceptaci\u00f3n.<br><br>Otro patrullero logr\u00f3 seguir el recorrido del autom\u00f3vil, observando que doblaba por calle Don Bosco y luego retomaba por Villegas hacia el sur.<br><br>Finalmente, un m\u00f3vil policial logr\u00f3 interceptar el veh\u00edculo, bloque\u00e1ndole el paso. Sin embargo, el conductor intent\u00f3 escapar realizando una maniobra en reversa, siendo detenido por otro patrullero.<br><br>&#8220;Al identificar a los ocupantes, se constat\u00f3 que se trataba de tres menores de edad, quienes se resistieron en todo momento al procedimiento&#8221;, cont\u00f3 a BIFE una fuente de la Seccional Tercera.<br><br>Seg\u00fan se pudo establecer, el autom\u00f3vil hab\u00eda sido tomado sin autorizaci\u00f3n del padre de uno de los involucrados.<br><br>Posteriormente, intervino personal de la Unidad Fiscal de Ni\u00f1ez y Adolescencia, que se hizo cargo de los menores, notific\u00e1ndolos de la causa y entreg\u00e1ndolos a sus padres.<br><br>En tanto, el veh\u00edculo fue incautado bajo acta de comprobaci\u00f3n y trasladado en gr\u00faa policial al play\u00f3n municipal.3 min<\/p>\n\n\n\n<p><\/p>\n","protected":false},"excerpt":{"rendered":"<p>Fue en la madrugada de este domingo, alrededor de las 4:20, un llamado al 101<\/p>\n","protected":false},"author":1,"featured_media":35592,"comment_status":"closed","ping_status":"open","sticky":false,"template":"","format":"standard","meta":{"om_disable_all_campaigns":false,"_monsterinsights_skip_tracking":false,"_monsterinsights_sitenote_active":false,"_monsterinsights_sitenote_note":"","_monsterinsights_sitenote_category":0,"_uf_show_specific_survey":0,"_uf_disable_surveys":false,"footnotes":""},"categories":[32,1913],"tags":[],"class_list":["post-37175","post","type-post","status-publish","format-standard","has-post-thumbnail","hentry","category-actualidad","category-porvinciales"],"aioseo_notices":[],"_links":{"self":[{"href":"https:\/\/revistabife.com\/index.php\/wp-json\/wp\/v2\/posts\/37175"}],"collection":[{"href":"https:\/\/revistabife.com\/index.php\/wp-json\/wp\/v2\/posts"}],"about":[{"href":"https:\/\/revistabife.com\/index.php\/wp-json\/wp\/v2\/types\/post"}],"author":[{"embeddable":true,"href":"https:\/\/revistabife.com\/index.php\/wp-json\/wp\/v2\/users\/1"}],"replies":[{"embeddable":true,"href":"https:\/\/revistabife.com\/index.php\/wp-json\/wp\/v2\/comments?post=37175"}],"version-history":[{"count":2,"href":"https:\/\/revistabife.com\/index.php\/wp-json\/wp\/v2\/posts\/37175\/revisions"}],"predecessor-version":[{"id":37177,"href":"https:\/\/revistabife.com\/index.php\/wp-json\/wp\/v2\/posts\/37175\/revisions\/37177"}],"wp:featuredmedia":[{"embeddable":true,"href":"https:\/\/revistabife.com\/index.php\/wp-json\/wp\/v2\/media\/35592"}],"wp:attachment":[{"href":"https:\/\/revistabife.com\/index.php\/wp-json\/wp\/v2\/media?parent=37175"}],"wp:term":[{"taxonomy":"category","embeddable":true,"href":"https:\/\/revistabife.com\/index.php\/wp-json\/wp\/v2\/categories?post=37175"},{"taxonomy":"post_tag","embeddable":true,"href":"https:\/\/revistabife.com\/index.php\/wp-json\/wp\/v2\/tags?post=37175"}],"curies":[{"name":"wp","href":"https:\/\/api.w.org\/{rel}","templated":true}]}}