{"id":37169,"date":"2025-03-14T14:46:59","date_gmt":"2025-03-14T17:46:59","guid":{"rendered":"https:\/\/revistabife.com\/?p=37169"},"modified":"2025-03-14T14:47:01","modified_gmt":"2025-03-14T17:47:01","slug":"milei-advierte-que-habra-mas-represion-y-amenaza-a-hinchas-y-jubilados-los-vamos-a-meter-presos","status":"publish","type":"post","link":"https:\/\/revistabife.com\/index.php\/2025\/03\/14\/milei-advierte-que-habra-mas-represion-y-amenaza-a-hinchas-y-jubilados-los-vamos-a-meter-presos\/","title":{"rendered":"Milei advierte que habr\u00e1 m\u00e1s represi\u00f3n y amenaza a hinchas y jubilados: &#8220;Los vamos a meter presos&#8221;"},"content":{"rendered":"\n<p class=\"has-medium-font-size\">En medio de la crisis generada por la represi\u00f3n a la marcha de jubilados, que dej\u00f3 un fot\u00f3grafo gravemente herido, el presidente Javier Milei brind\u00f3 su respaldo absoluto a la ministra de Seguridad, Patricia Bullrich.<\/p>\n\n\n\n<p class=\"has-medium-font-size\">Durante su discurso de cierre en Expoagro, en San Nicol\u00e1s, Milei, quien no mencion\u00f3 el estado de salud del fot\u00f3grafo Pablo Grillo, elogi\u00f3 la gesti\u00f3n de Bullrich y destac\u00f3 su importancia en el gobierno. \u201cLos buenos son los de azul y los hijos de puta son los que andan con trapos, esos son los que tienen que ir presos\u201d, dijo, reafirmando su postura de mano dura. Y amenaz\u00f3 a los jubilados por la pr\u00f3xima marcha: \u201cLos vamos a meter presos. Voy a acelerar mucho m\u00e1s\u201d<\/p>\n\n\n\n<p class=\"has-medium-font-size\">Milei tambi\u00e9n adelant\u00f3 que se intensificar\u00e1n las represiones ante futuras protestas, y dej\u00f3 claro que continuar\u00e1 con su agenda de &#8220;defender la rep\u00fablica&#8221;. Adem\u00e1s, aprovech\u00f3 la ocasi\u00f3n para prometer a los empresarios del campo la eliminaci\u00f3n de las retenciones, asegurando que su gobierno buscar\u00e1 defender a los sectores productivos.<\/p>\n\n\n\n<p class=\"has-medium-font-size\">En un gesto de apoyo, el mandatario present\u00f3 a Bullrich como clave para mantener la Rep\u00fablica y reconoci\u00f3 a Jos\u00e9 Luis Espert como presidente de la comisi\u00f3n de Presupuesto de la C\u00e1mara de Diputados. Sin embargo, tambi\u00e9n hubo tensiones, ya que el gobierno decidi\u00f3 retirar el presupuesto 2025 para evitar que se incluyeran reclamos de la oposici\u00f3n.<\/p>\n\n\n\n<p class=\"has-medium-font-size\">En su encuentro con los chacareros, Milei tambi\u00e9n resalt\u00f3 la necesidad de eliminar el cepo y las retenciones, aunque advirti\u00f3 que no se har\u00e1 de forma inmediata. &#8220;Queremos que sea algo duradero&#8221;, sostuvo, afirmando que la eliminaci\u00f3n de las restricciones no debe responder a intereses electorales, sino a una estrategia sostenida a largo plazo.<\/p>\n\n\n\n<p class=\"has-medium-font-size\">En su contacto con la prensa, Milei reforz\u00f3 su apoyo a Bullrich, destac\u00e1ndola como &#8220;la mejor ministra de Seguridad de todos los tiempos&#8221; y reafirm\u00f3 su respaldo absoluto a su gesti\u00f3n.<\/p>\n","protected":false},"excerpt":{"rendered":"<p>En medio de la crisis generada por la represi\u00f3n a la marcha de jubilados, que<\/p>\n","protected":false},"author":1,"featured_media":37170,"comment_status":"closed","ping_status":"open","sticky":false,"template":"","format":"standard","meta":{"om_disable_all_campaigns":false,"_monsterinsights_skip_tracking":false,"_monsterinsights_sitenote_active":false,"_monsterinsights_sitenote_note":"","_monsterinsights_sitenote_category":0,"_uf_show_specific_survey":0,"_uf_disable_surveys":false,"footnotes":""},"categories":[32,1868],"tags":[],"class_list":["post-37169","post","type-post","status-publish","format-standard","has-post-thumbnail","hentry","category-actualidad","category-nacionales-2"],"aioseo_notices":[],"_links":{"self":[{"href":"https:\/\/revistabife.com\/index.php\/wp-json\/wp\/v2\/posts\/37169"}],"collection":[{"href":"https:\/\/revistabife.com\/index.php\/wp-json\/wp\/v2\/posts"}],"about":[{"href":"https:\/\/revistabife.com\/index.php\/wp-json\/wp\/v2\/types\/post"}],"author":[{"embeddable":true,"href":"https:\/\/revistabife.com\/index.php\/wp-json\/wp\/v2\/users\/1"}],"replies":[{"embeddable":true,"href":"https:\/\/revistabife.com\/index.php\/wp-json\/wp\/v2\/comments?post=37169"}],"version-history":[{"count":1,"href":"https:\/\/revistabife.com\/index.php\/wp-json\/wp\/v2\/posts\/37169\/revisions"}],"predecessor-version":[{"id":37171,"href":"https:\/\/revistabife.com\/index.php\/wp-json\/wp\/v2\/posts\/37169\/revisions\/37171"}],"wp:featuredmedia":[{"embeddable":true,"href":"https:\/\/revistabife.com\/index.php\/wp-json\/wp\/v2\/media\/37170"}],"wp:attachment":[{"href":"https:\/\/revistabife.com\/index.php\/wp-json\/wp\/v2\/media?parent=37169"}],"wp:term":[{"taxonomy":"category","embeddable":true,"href":"https:\/\/revistabife.com\/index.php\/wp-json\/wp\/v2\/categories?post=37169"},{"taxonomy":"post_tag","embeddable":true,"href":"https:\/\/revistabife.com\/index.php\/wp-json\/wp\/v2\/tags?post=37169"}],"curies":[{"name":"wp","href":"https:\/\/api.w.org\/{rel}","templated":true}]}}