{"id":37166,"date":"2025-03-14T14:03:01","date_gmt":"2025-03-14T17:03:01","guid":{"rendered":"https:\/\/revistabife.com\/?p=37166"},"modified":"2025-03-14T14:03:02","modified_gmt":"2025-03-14T17:03:02","slug":"emergentologos-de-salud-publica-de-la-pampa-viajaron-a-colaborar-a-bahia-blanca","status":"publish","type":"post","link":"https:\/\/revistabife.com\/index.php\/2025\/03\/14\/emergentologos-de-salud-publica-de-la-pampa-viajaron-a-colaborar-a-bahia-blanca\/","title":{"rendered":"Emergent\u00f3logos de Salud P\u00fablica de La Pampa viajaron a colaborar a Bah\u00eda Blanca"},"content":{"rendered":"\n<p class=\"has-medium-font-size\">El Gobierno de la provincia de La Pampa contin\u00faa colaborando con el pueblo de Bah\u00eda Blanca que, poco a poco, comienza a recuperarse del temporal de agua que azot\u00f3 la ciudad provocando fallecidos, evacuados y cuantiosas p\u00e9rdidas materiales. &nbsp;<\/p>\n\n\n\n<p class=\"has-medium-font-size\">En esta ocasi\u00f3n, en respuesta a una solicitud del Sistema Integrado de Emergencias Sanitarias (SIES) dependiente del Ministerio de Salud de la provincia de Buenos Aires, el Gobierno de La Pampa, a trav\u00e9s del Ministerio de Salud, dispuso el env\u00edo a la localidad de Bah\u00eda Blanca de un equipo especializado de la Coordinaci\u00f3n de Emergencias y Desastres Sanitarios (CODES).<\/p>\n\n\n\n<p class=\"has-medium-font-size\">Este equipo, conformado por m\u00e9dicos\/os, enfermeras\/os y t\u00e9cnicos especialistas en atenci\u00f3n sanitaria en el terreno, viaj\u00f3 con el objetivo de brindar apoyo en la gesti\u00f3n de emergencias y reforzar la capacidad operativa local.<\/p>\n\n\n\n<p class=\"has-medium-font-size\">Esta acci\u00f3n colaborativa y solidaria busca mitigar los efectos de las devastadoras inundaciones que afectan severamente a la regi\u00f3n y es complementaria a los env\u00edos que ya se realizaron de colchones, zapatillas, agua mineral, lavandina y otros elementos que, espec\u00edficamente fueron requeridos por el Comit\u00e9 de Emergencia constituido tras la cat\u00e1strofe.\u00a0<\/p>\n","protected":false},"excerpt":{"rendered":"<p>El Gobierno de la provincia de La Pampa contin\u00faa colaborando con el pueblo de Bah\u00eda<\/p>\n","protected":false},"author":1,"featured_media":37167,"comment_status":"closed","ping_status":"open","sticky":false,"template":"","format":"standard","meta":{"om_disable_all_campaigns":false,"_monsterinsights_skip_tracking":false,"_monsterinsights_sitenote_active":false,"_monsterinsights_sitenote_note":"","_monsterinsights_sitenote_category":0,"_uf_show_specific_survey":0,"_uf_disable_surveys":false,"footnotes":""},"categories":[32,1913],"tags":[],"class_list":["post-37166","post","type-post","status-publish","format-standard","has-post-thumbnail","hentry","category-actualidad","category-porvinciales"],"aioseo_notices":[],"_links":{"self":[{"href":"https:\/\/revistabife.com\/index.php\/wp-json\/wp\/v2\/posts\/37166"}],"collection":[{"href":"https:\/\/revistabife.com\/index.php\/wp-json\/wp\/v2\/posts"}],"about":[{"href":"https:\/\/revistabife.com\/index.php\/wp-json\/wp\/v2\/types\/post"}],"author":[{"embeddable":true,"href":"https:\/\/revistabife.com\/index.php\/wp-json\/wp\/v2\/users\/1"}],"replies":[{"embeddable":true,"href":"https:\/\/revistabife.com\/index.php\/wp-json\/wp\/v2\/comments?post=37166"}],"version-history":[{"count":1,"href":"https:\/\/revistabife.com\/index.php\/wp-json\/wp\/v2\/posts\/37166\/revisions"}],"predecessor-version":[{"id":37168,"href":"https:\/\/revistabife.com\/index.php\/wp-json\/wp\/v2\/posts\/37166\/revisions\/37168"}],"wp:featuredmedia":[{"embeddable":true,"href":"https:\/\/revistabife.com\/index.php\/wp-json\/wp\/v2\/media\/37167"}],"wp:attachment":[{"href":"https:\/\/revistabife.com\/index.php\/wp-json\/wp\/v2\/media?parent=37166"}],"wp:term":[{"taxonomy":"category","embeddable":true,"href":"https:\/\/revistabife.com\/index.php\/wp-json\/wp\/v2\/categories?post=37166"},{"taxonomy":"post_tag","embeddable":true,"href":"https:\/\/revistabife.com\/index.php\/wp-json\/wp\/v2\/tags?post=37166"}],"curies":[{"name":"wp","href":"https:\/\/api.w.org\/{rel}","templated":true}]}}