{"id":37163,"date":"2025-03-14T13:56:39","date_gmt":"2025-03-14T16:56:39","guid":{"rendered":"https:\/\/revistabife.com\/?p=37163"},"modified":"2025-03-14T13:56:39","modified_gmt":"2025-03-14T16:56:39","slug":"dos-taxistas-de-santa-rosa-fueron-suspendidos-por-un-ano-y-por-tres-meses-por-utilizar-uber-si-no-agarramos-esos-viajes-no-laburamos","status":"publish","type":"post","link":"https:\/\/revistabife.com\/index.php\/2025\/03\/14\/dos-taxistas-de-santa-rosa-fueron-suspendidos-por-un-ano-y-por-tres-meses-por-utilizar-uber-si-no-agarramos-esos-viajes-no-laburamos\/","title":{"rendered":"Dos taxistas de Santa Rosa fueron suspendidos por un a\u00f1o y por tres meses por utilizar Uber: \u201cSi no agarramos esos viajes, no laburamos\u201d"},"content":{"rendered":"\n<p class=\"has-medium-font-size\">Dos taxistas de Santa Rosa fueron sancionados por utilizar la plataforma Uber, un servicio que no est\u00e1 habilitado en la ciudad. La decisi\u00f3n, tomada por las asociaciones a las que pertenecen (Asociaci\u00f3n de Taxistas de la Terminal y RadioTaxi Centro), implica la inhabilitaci\u00f3n por un a\u00f1o de uno de los conductores, y por tres meses en el caso del otro.<\/p>\n\n\n\n<p class=\"has-medium-font-size\">Ambas sanciones fueron impuestas por violar las normas internas de las asociaciones y la ordenanza municipal vigente.<\/p>\n\n\n\n<p class=\"has-medium-font-size\">\u201cSi no agarramos esos viajes, no laburamos\u201d, reconoci\u00f3 uno de ellos. Estimaciones dentro del gremio indican que alrededor del 50% de los viajes en la ciudad se realizan mediante la aplicaci\u00f3n. \u201cLa gente anda en Uber\u201d, asegur\u00f3 otro chofer, quien tambi\u00e9n cuestion\u00f3 la falta de controles municipales sobre el servicio.<\/p>\n\n\n\n<p class=\"has-medium-font-size\">Como consecuencia, adem\u00e1s de la inhabilitaci\u00f3n por un a\u00f1o, se le revoc\u00f3 la frecuencia dentro de la organizaci\u00f3n. Tambi\u00e9n se notific\u00f3 al titular del veh\u00edculo sobre la prohibici\u00f3n de usar plataformas no reguladas y se advirti\u00f3 que una reincidencia podr\u00eda derivar en la expulsi\u00f3n definitiva.<\/p>\n","protected":false},"excerpt":{"rendered":"<p>Dos taxistas de Santa Rosa fueron sancionados por utilizar la plataforma Uber, un servicio que<\/p>\n","protected":false},"author":1,"featured_media":37164,"comment_status":"closed","ping_status":"open","sticky":false,"template":"","format":"standard","meta":{"om_disable_all_campaigns":false,"_monsterinsights_skip_tracking":false,"_monsterinsights_sitenote_active":false,"_monsterinsights_sitenote_note":"","_monsterinsights_sitenote_category":0,"_uf_show_specific_survey":0,"_uf_disable_surveys":false,"footnotes":""},"categories":[32,1913],"tags":[],"class_list":["post-37163","post","type-post","status-publish","format-standard","has-post-thumbnail","hentry","category-actualidad","category-porvinciales"],"aioseo_notices":[],"_links":{"self":[{"href":"https:\/\/revistabife.com\/index.php\/wp-json\/wp\/v2\/posts\/37163"}],"collection":[{"href":"https:\/\/revistabife.com\/index.php\/wp-json\/wp\/v2\/posts"}],"about":[{"href":"https:\/\/revistabife.com\/index.php\/wp-json\/wp\/v2\/types\/post"}],"author":[{"embeddable":true,"href":"https:\/\/revistabife.com\/index.php\/wp-json\/wp\/v2\/users\/1"}],"replies":[{"embeddable":true,"href":"https:\/\/revistabife.com\/index.php\/wp-json\/wp\/v2\/comments?post=37163"}],"version-history":[{"count":1,"href":"https:\/\/revistabife.com\/index.php\/wp-json\/wp\/v2\/posts\/37163\/revisions"}],"predecessor-version":[{"id":37165,"href":"https:\/\/revistabife.com\/index.php\/wp-json\/wp\/v2\/posts\/37163\/revisions\/37165"}],"wp:featuredmedia":[{"embeddable":true,"href":"https:\/\/revistabife.com\/index.php\/wp-json\/wp\/v2\/media\/37164"}],"wp:attachment":[{"href":"https:\/\/revistabife.com\/index.php\/wp-json\/wp\/v2\/media?parent=37163"}],"wp:term":[{"taxonomy":"category","embeddable":true,"href":"https:\/\/revistabife.com\/index.php\/wp-json\/wp\/v2\/categories?post=37163"},{"taxonomy":"post_tag","embeddable":true,"href":"https:\/\/revistabife.com\/index.php\/wp-json\/wp\/v2\/tags?post=37163"}],"curies":[{"name":"wp","href":"https:\/\/api.w.org\/{rel}","templated":true}]}}