{"id":37160,"date":"2025-03-14T13:34:51","date_gmt":"2025-03-14T16:34:51","guid":{"rendered":"https:\/\/revistabife.com\/?p=37160"},"modified":"2025-03-14T13:34:52","modified_gmt":"2025-03-14T16:34:52","slug":"bullrich-advirtio-que-creara-una-ley-para-la-prohibicion-total-de-las-barrabravas-tras-la-marcha-de-jubilados","status":"publish","type":"post","link":"https:\/\/revistabife.com\/index.php\/2025\/03\/14\/bullrich-advirtio-que-creara-una-ley-para-la-prohibicion-total-de-las-barrabravas-tras-la-marcha-de-jubilados\/","title":{"rendered":"Bullrich advirti\u00f3 que crear\u00e1 una ley &#8220;para la prohibici\u00f3n total&#8221; de las barrabravas tras la marcha de Jubilados"},"content":{"rendered":"\n<p class=\"has-medium-font-size\">Patricia Bullrich, ministra de Seguridad nacional, habl\u00f3 tras la intensa marcha de Jubilados que ocurri\u00f3 este mi\u00e9rcoles por la tarde afuera del Congreso, y advirti\u00f3 que tiene &#8220;a punto de salir&#8221; una ley contra las barrabravas, luego de que m\u00faltiples hinchas de diversos clubes y miembros de diferentes movimientos sociales se sumaran a la manifestaci\u00f3n.<\/p>\n\n\n\n<p class=\"has-medium-font-size\">&#8220;Vinieron preparados para matar. Ven\u00edan a todo, a tomar el Congreso (&#8230;) Secuestramos armas de fuego, armas blancas, dos tipos de miguelitos (clavos) para pinchar las gomas de los patrulleros&#8221;, expres\u00f3 en principio Bullrich, en di\u00e1logo con LN+, sobre la dur\u00edsima marcha de Jubilados que estuvo repleta de violencia: desde un patrullero de la Polic\u00eda de la Ciudad prendido fuego hasta un uniformado derribando con un repudiable empuj\u00f3n a una mujer de 87 a\u00f1os, quien debi\u00f3 ser trasladada al Hospital Argerich.<\/p>\n\n\n\n<p class=\"has-medium-font-size\">Fue all\u00ed que record\u00f3 que esta protesta originalmente era de un grupo reducido de Jubilados y que este mi\u00e9rcoles cont\u00f3 con el apoyo de m\u00faltiples sectores, haciendo foco principalmente en los &#8220;barras&#8221;: &#8220;En general las marchas \u00e9stas son de 40 o 50 jubilados. Despues comenz\u00f3 la izquierda y el Polo Obrero a sumarse y ahora se sumaron todos los barras, una mezcla de narcopol\u00edtica, que es lo que son las barrabravas, algunas bancados por los intendentes, por dirigentes sindicales&#8221;.<\/p>\n\n\n\n<p class=\"has-medium-font-size\">En esa misma l\u00ednea fue que revel\u00f3 que tiene &#8220;a punto de salir una ley anti-barras, para ir directamente a la prohibici\u00f3n total y absoluta de la figura de las barras&#8221;.<\/p>\n\n\n\n<p class=\"has-medium-font-size\">&#8220;La vamos a mandar al Congreso para declarar asociaci\u00f3n il\u00edcita a las barrabravas&#8221;, advirti\u00f3, adem\u00e1s de detallar que la misma incluir\u00e1 tambi\u00e9n una figura penal para &#8220;el dirigente que tambi\u00e9n es parte de esa asociaci\u00f3n&#8221;.<\/p>\n","protected":false},"excerpt":{"rendered":"<p>Patricia Bullrich, ministra de Seguridad nacional, habl\u00f3 tras la intensa marcha de Jubilados que ocurri\u00f3<\/p>\n","protected":false},"author":1,"featured_media":37161,"comment_status":"closed","ping_status":"open","sticky":false,"template":"","format":"standard","meta":{"om_disable_all_campaigns":false,"_monsterinsights_skip_tracking":false,"_monsterinsights_sitenote_active":false,"_monsterinsights_sitenote_note":"","_monsterinsights_sitenote_category":0,"_uf_show_specific_survey":0,"_uf_disable_surveys":false,"footnotes":""},"categories":[32,1913],"tags":[],"class_list":["post-37160","post","type-post","status-publish","format-standard","has-post-thumbnail","hentry","category-actualidad","category-porvinciales"],"aioseo_notices":[],"_links":{"self":[{"href":"https:\/\/revistabife.com\/index.php\/wp-json\/wp\/v2\/posts\/37160"}],"collection":[{"href":"https:\/\/revistabife.com\/index.php\/wp-json\/wp\/v2\/posts"}],"about":[{"href":"https:\/\/revistabife.com\/index.php\/wp-json\/wp\/v2\/types\/post"}],"author":[{"embeddable":true,"href":"https:\/\/revistabife.com\/index.php\/wp-json\/wp\/v2\/users\/1"}],"replies":[{"embeddable":true,"href":"https:\/\/revistabife.com\/index.php\/wp-json\/wp\/v2\/comments?post=37160"}],"version-history":[{"count":1,"href":"https:\/\/revistabife.com\/index.php\/wp-json\/wp\/v2\/posts\/37160\/revisions"}],"predecessor-version":[{"id":37162,"href":"https:\/\/revistabife.com\/index.php\/wp-json\/wp\/v2\/posts\/37160\/revisions\/37162"}],"wp:featuredmedia":[{"embeddable":true,"href":"https:\/\/revistabife.com\/index.php\/wp-json\/wp\/v2\/media\/37161"}],"wp:attachment":[{"href":"https:\/\/revistabife.com\/index.php\/wp-json\/wp\/v2\/media?parent=37160"}],"wp:term":[{"taxonomy":"category","embeddable":true,"href":"https:\/\/revistabife.com\/index.php\/wp-json\/wp\/v2\/categories?post=37160"},{"taxonomy":"post_tag","embeddable":true,"href":"https:\/\/revistabife.com\/index.php\/wp-json\/wp\/v2\/tags?post=37160"}],"curies":[{"name":"wp","href":"https:\/\/api.w.org\/{rel}","templated":true}]}}