{"id":37153,"date":"2025-03-13T20:37:45","date_gmt":"2025-03-13T23:37:45","guid":{"rendered":"https:\/\/revistabife.com\/?p=37153"},"modified":"2025-03-13T20:37:46","modified_gmt":"2025-03-13T23:37:46","slug":"la-cgt-realizara-un-paro-general-de-24-horas-contra-el-gobierno-antes-del-10-de-abril","status":"publish","type":"post","link":"https:\/\/revistabife.com\/index.php\/2025\/03\/13\/la-cgt-realizara-un-paro-general-de-24-horas-contra-el-gobierno-antes-del-10-de-abril\/","title":{"rendered":"La CGT realizar\u00e1 un paro general de 24 horas contra el Gobierno antes del 10 de abril"},"content":{"rendered":"\n<p class=\"has-medium-font-size\">La CGT ya le puso proa a su tercer paro general contra Javier Milei: ser\u00e1 antes del 10 de abril. Lo anunci\u00f3 esta tarde el cotitular cegetista H\u00e9ctor Daer (Sanidad), durante el congreso nacional de la Uni\u00f3n de Trabajadores de la Econom\u00eda Popular (UTEP), realizado en la sede de Azopardo 802, con la presencia de los principales l\u00edderes de la central obrera, incluido Hugo Moyano, el titular del Sindicato de Camioneros, hasta ahora de actitud moderada.<\/p>\n\n\n\n<p class=\"has-medium-font-size\">La propuesta del paro, seg\u00fan aclar\u00f3 Daer, ser\u00e1 debatida el jueves pr\u00f3ximo en una reuni\u00f3n del Consejo Directivo de la CGT y luego refrendada durante un plenario de delegaciones regionales.<\/p>\n\n\n\n<p class=\"has-medium-font-size\">En di\u00e1logo con el m\u00f3vil de Infobae en Vivo, Daer confirm\u00f3 que esperan realizar la medida de fuerza antes del 10 de abril porque quieren evitar coincidir con el feriado del 2 de abril y la tradicional marcha de los jubilados que se realiza los d\u00edas mi\u00e9rcoles.<\/p>\n\n\n\n<p class=\"has-medium-font-size\">Al ser consultado por los motivos del paro, el sindicalista hizo un repaso de las declaraciones de Javier Milei en Davos, a las que repudi\u00f3, y denunci\u00f3 que el Gobierno \u201cpisa las paritarias\u201d. \u201cEste Gobierno no cree en el di\u00e1logo, no habla con nadie. Dialogar significa ir a un horizonte de construcci\u00f3n. Esto no sucedi\u00f3 nunca\u201d, asegur\u00f3.<\/p>\n\n\n\n<p class=\"has-medium-font-size\">Como anticip\u00f3 Infobae, si bien la mesa chica de la CGT hab\u00eda fijado el martes pasado un plan gradual para decidir una medida de fuerza, los graves incidentes durante la marcha de los jubilados ante el Congreso, con presencia de barrabravas, La C\u00e1mpora y activistas de izquierda, llevaron a la c\u00fapula cegetista a avanzar en las definiciones m\u00e1s dr\u00e1sticas contra el Gobierno.<\/p>\n\n\n\n<p class=\"has-medium-font-size\">La decisi\u00f3n de acelerar el plan de lucha no es compartida por toda la dirigencia cegetista. Dos de los m\u00e1s duros en estas horas son justamente dos figuras del ala dialoguista como Daer y Andr\u00e9s Rodr\u00edguez (UPCN), apoyados por exponentes del kirchnerismo sindical (Abel Furl\u00e1n, de la UOM, y Sergio Palazzo, de bancarios, entre ellos) pero hay otros miembros de ese sector que son partidarios de medir los tiempos para forzar una negociaci\u00f3n con el Gobierno, como Gerardo Mart\u00ednez (UOCRA).<\/p>\n","protected":false},"excerpt":{"rendered":"<p>La CGT ya le puso proa a su tercer paro general contra Javier Milei: ser\u00e1<\/p>\n","protected":false},"author":1,"featured_media":37154,"comment_status":"closed","ping_status":"open","sticky":false,"template":"","format":"standard","meta":{"om_disable_all_campaigns":false,"_monsterinsights_skip_tracking":false,"_monsterinsights_sitenote_active":false,"_monsterinsights_sitenote_note":"","_monsterinsights_sitenote_category":0,"_uf_show_specific_survey":0,"_uf_disable_surveys":false,"footnotes":""},"categories":[32,1868],"tags":[],"class_list":["post-37153","post","type-post","status-publish","format-standard","has-post-thumbnail","hentry","category-actualidad","category-nacionales-2"],"aioseo_notices":[],"_links":{"self":[{"href":"https:\/\/revistabife.com\/index.php\/wp-json\/wp\/v2\/posts\/37153"}],"collection":[{"href":"https:\/\/revistabife.com\/index.php\/wp-json\/wp\/v2\/posts"}],"about":[{"href":"https:\/\/revistabife.com\/index.php\/wp-json\/wp\/v2\/types\/post"}],"author":[{"embeddable":true,"href":"https:\/\/revistabife.com\/index.php\/wp-json\/wp\/v2\/users\/1"}],"replies":[{"embeddable":true,"href":"https:\/\/revistabife.com\/index.php\/wp-json\/wp\/v2\/comments?post=37153"}],"version-history":[{"count":1,"href":"https:\/\/revistabife.com\/index.php\/wp-json\/wp\/v2\/posts\/37153\/revisions"}],"predecessor-version":[{"id":37155,"href":"https:\/\/revistabife.com\/index.php\/wp-json\/wp\/v2\/posts\/37153\/revisions\/37155"}],"wp:featuredmedia":[{"embeddable":true,"href":"https:\/\/revistabife.com\/index.php\/wp-json\/wp\/v2\/media\/37154"}],"wp:attachment":[{"href":"https:\/\/revistabife.com\/index.php\/wp-json\/wp\/v2\/media?parent=37153"}],"wp:term":[{"taxonomy":"category","embeddable":true,"href":"https:\/\/revistabife.com\/index.php\/wp-json\/wp\/v2\/categories?post=37153"},{"taxonomy":"post_tag","embeddable":true,"href":"https:\/\/revistabife.com\/index.php\/wp-json\/wp\/v2\/tags?post=37153"}],"curies":[{"name":"wp","href":"https:\/\/api.w.org\/{rel}","templated":true}]}}