{"id":37150,"date":"2025-03-13T19:57:06","date_gmt":"2025-03-13T22:57:06","guid":{"rendered":"https:\/\/revistabife.com\/?p=37150"},"modified":"2025-03-13T19:57:07","modified_gmt":"2025-03-13T22:57:07","slug":"dia-del-trabajador-de-telecomunicaciones-cpetel-el-martes-18-sin-atencion-al-publico","status":"publish","type":"post","link":"https:\/\/revistabife.com\/index.php\/2025\/03\/13\/dia-del-trabajador-de-telecomunicaciones-cpetel-el-martes-18-sin-atencion-al-publico\/","title":{"rendered":"D\u00eda del trabajador de Telecomunicaciones: CPEtel, el martes 18 sin atenci\u00f3n al p\u00fablico"},"content":{"rendered":"\n<p class=\"has-medium-font-size\">El martes 18 de marzo, con motivo de celebrarse el D\u00eda del Trabajador y Trabajadora de las Telecomunicaciones,&nbsp;no habr\u00e1 atenci\u00f3n al p\u00fablico de&nbsp;los servicios de internet, televisi\u00f3n por cable y telefon\u00eda de la CPE.<\/p>\n\n\n\n<p class=\"has-medium-font-size\">Ese d\u00eda se conmemora la&nbsp;la nacionalizaci\u00f3n de los servicios de Telecomunicaciones, resuelta en 1948, durante el gobierno del entonces presidente Juan Domingo Per\u00f3n con la creaci\u00f3n de la Empresa Mixta Telef\u00f3nica Argentina, antecesora de la Empresa Nacional de Telecomunicaciones (Entel).<\/p>\n\n\n\n<p class=\"has-medium-font-size\">Por tal motivo&nbsp;no habr\u00e1 atenci\u00f3n de los servicios de Telecomunicaciones en ninguna de las sedes actuales de Santa Rosa (edificio de la Usina, sobre calle 1\u00ba de Mayo, y Centro &#8220;Carlos Lorenzo&#8221; en Jos\u00e9 Luro y Per\u00fa), ni en las sucursales de Toay y Catril\u00f3. Se mantendr\u00e1 el esquema de guardias t\u00e9cnicas y la atenci\u00f3n telef\u00f3nica con dotaci\u00f3n reducida en el Centro de Llamados (388100) y en el Whatsapp 2954-744047.<\/p>\n\n\n\n<p class=\"has-medium-font-size\"><strong>Atenci\u00f3n reducida por capacitaci\u00f3n<\/strong><br>Por otra parte, durante el mes de marzo, todo el plantel de la Gerencia de Telecomunicaciones participar\u00e1 de varias jornadas de capacitaci\u00f3n y entrenamiento para la pr\u00f3xima implementaci\u00f3n de un nuevo sistema de sistema de gesti\u00f3n integral de servicios y usuarios del \u00e1rea, por lo que algunos d\u00edas habr\u00e1 atenci\u00f3n al p\u00fablico reducida.<\/p>\n\n\n\n<p class=\"has-medium-font-size\">Las actividades de capacitaci\u00f3n fueron programadas por grupos y turnos para afectar lo m\u00ednimo posible el servicio, no obstante lo cual, como todos los trabajadores y trabajadoras deben realizarlas, los d\u00edas 17, 20, 21, 25, 26, 27 y 28 de marzo, la atenci\u00f3n al p\u00fablico se interrumpir\u00e1 a las 13 horas, media hora antes del&nbsp;horario de cierre habitual.<\/p>\n\n\n\n<p class=\"has-medium-font-size\">Por su parte, los d\u00edas d\u00edas 17, 20, 26, 27 y 28, la atenci\u00f3n en el Centro de Llamadas, entre las 13:30 y las 16 horas, ser\u00e1 \u00fanicamente a trav\u00e9s de mensajes de Whatsapp al 2954-744047. No se recibir\u00e1n llamadas: las y los el usuarios deber\u00e1n dejar su mensaje, que ser\u00e1 atendido ni bien los agentes retornen de la capacitaci\u00f3n.<\/p>\n","protected":false},"excerpt":{"rendered":"<p>El martes 18 de marzo, con motivo de celebrarse el D\u00eda del Trabajador y Trabajadora<\/p>\n","protected":false},"author":1,"featured_media":37151,"comment_status":"closed","ping_status":"open","sticky":false,"template":"","format":"standard","meta":{"om_disable_all_campaigns":false,"_monsterinsights_skip_tracking":false,"_monsterinsights_sitenote_active":false,"_monsterinsights_sitenote_note":"","_monsterinsights_sitenote_category":0,"_uf_show_specific_survey":0,"_uf_disable_surveys":false,"footnotes":""},"categories":[32,1913],"tags":[],"class_list":["post-37150","post","type-post","status-publish","format-standard","has-post-thumbnail","hentry","category-actualidad","category-porvinciales"],"aioseo_notices":[],"_links":{"self":[{"href":"https:\/\/revistabife.com\/index.php\/wp-json\/wp\/v2\/posts\/37150"}],"collection":[{"href":"https:\/\/revistabife.com\/index.php\/wp-json\/wp\/v2\/posts"}],"about":[{"href":"https:\/\/revistabife.com\/index.php\/wp-json\/wp\/v2\/types\/post"}],"author":[{"embeddable":true,"href":"https:\/\/revistabife.com\/index.php\/wp-json\/wp\/v2\/users\/1"}],"replies":[{"embeddable":true,"href":"https:\/\/revistabife.com\/index.php\/wp-json\/wp\/v2\/comments?post=37150"}],"version-history":[{"count":1,"href":"https:\/\/revistabife.com\/index.php\/wp-json\/wp\/v2\/posts\/37150\/revisions"}],"predecessor-version":[{"id":37152,"href":"https:\/\/revistabife.com\/index.php\/wp-json\/wp\/v2\/posts\/37150\/revisions\/37152"}],"wp:featuredmedia":[{"embeddable":true,"href":"https:\/\/revistabife.com\/index.php\/wp-json\/wp\/v2\/media\/37151"}],"wp:attachment":[{"href":"https:\/\/revistabife.com\/index.php\/wp-json\/wp\/v2\/media?parent=37150"}],"wp:term":[{"taxonomy":"category","embeddable":true,"href":"https:\/\/revistabife.com\/index.php\/wp-json\/wp\/v2\/categories?post=37150"},{"taxonomy":"post_tag","embeddable":true,"href":"https:\/\/revistabife.com\/index.php\/wp-json\/wp\/v2\/tags?post=37150"}],"curies":[{"name":"wp","href":"https:\/\/api.w.org\/{rel}","templated":true}]}}