{"id":3715,"date":"2020-05-04T13:20:12","date_gmt":"2020-05-04T16:20:12","guid":{"rendered":"http:\/\/revistabife.com\/?p=3715"},"modified":"2020-05-04T13:20:15","modified_gmt":"2020-05-04T16:20:15","slug":"nacion-supervisara-que-no-se-realicen-cortes-de-telefonia-cable-e-internet","status":"publish","type":"post","link":"https:\/\/revistabife.com\/index.php\/2020\/05\/04\/nacion-supervisara-que-no-se-realicen-cortes-de-telefonia-cable-e-internet\/","title":{"rendered":"Naci\u00f3n supervisar\u00e1 que no se realicen cortes de telefon\u00eda, cable e internet"},"content":{"rendered":"\n<p class=\"has-drop-cap has-medium-font-size\">El gobierno nacional anunci\u00f3 que  se har\u00e1 cargo de supervisar que las empresas prestadoras de\u00a0telefon\u00eda<strong> <\/strong>fija, m\u00f3vil, Internet y TV por cabl<strong>e<\/strong>, no les corten el servicio por\u00a0<strong>falta de pago<\/strong>\u00a0a los\u00a0<strong>sectores m\u00e1s vulnerables de la poblaci\u00f3n<\/strong>, a quienes se sumar\u00e1n las instituciones de bien p\u00fablico y aquellas personas y monostributistas que acrediten una merma del 50% en sus ingresos producto de la\u00a0<strong>pandemia de coronavirus.<\/strong><\/p>\n\n\n\n<p class=\"has-medium-font-size\">El Ente Nacional de Comunicaciones (Enacom) estableci\u00f3 que\u00a0<strong>las prestadoras de telefon\u00eda fija, m\u00f3vil, Internet y TV por cable, deber\u00e1n remitir al organismo antes del pr\u00f3ximo jueves el listado de usuarios cuya titularidad del servicio se encuentre registrada antes del 26 de marzo \u00faltimo, y que sean susceptibles de suspensi\u00f3n con causa en la falta de pago o posean avisos de corte en curso; y sus facturas hayan tenido vencimiento a partir del 1 de marzo.<\/strong><\/p>\n\n\n\n<p class=\"has-medium-font-size\">Enacom tambi\u00e9n incluy\u00f3 en la obligaci\u00f3n de las empresas de\u00a0<strong>informar el listado de usuarios con modalidad contratada de servicio prepago que hayan realizado alguna recarga en febrero o marzo.<\/strong><\/p>\n\n\n\n<p class=\"has-medium-font-size\">La informaci\u00f3n requerida deber\u00e1 ser ingresada con car\u00e1cter de declaraci\u00f3n jurada a trav\u00e9s de la plataforma web que el Enacom posee disponible en su p\u00e1gina web institucional o a trav\u00e9s del siguiente link:<strong>&nbsp;https:\/\/serviciosweb.enacom.gob.ar\/.<\/strong><\/p>\n\n\n\n<p class=\"has-medium-font-size\">Los datos ingresados podr\u00e1n ser actualizados los d\u00edas 1\u00b0 y 15 de cada mes calendario.<\/p>\n\n\n\n<p class=\"has-medium-font-size\">La resoluci\u00f3n tambi\u00e9n determin\u00f3 que estas mismas prestadoras no podr\u00e1n suspender ni cortar por falta de pago el servicio de ning\u00fan usuario que no est\u00e9 incluido en los listados depurados que les ser\u00e1n remitidos.<\/p>\n\n\n\n<p class=\"has-medium-font-size\">La depuraci\u00f3n se har\u00e1 teniendo en cuenta que no se le puede cortar el servicio a beneficiarios de las asignaciones universales por Hijo (AUH) y por Embarazo (AUE), de pensiones no contributivas que perciban ingresos mensuales brutos no superiores a dos veces el Salario M\u00ednimo Vital y M\u00f3vil (SMVM), actualmente en $ 16.875.<\/p>\n\n\n\n<p class=\"has-medium-font-size\">Tambi\u00e9n est\u00e1n exentos de cortes los monostributistas sociales y los de las categor\u00edas A y B; jubilados, pensionados, y trabajadoras en relaci\u00f3n de dependencia que perciban una remuneraci\u00f3n bruta menor o igual a dos SMVM; los que perciben seguro de desempleo; los electrodependientes; el personal de casas particulares.<\/p>\n\n\n\n<p class=\"has-medium-font-size\">El Enacom precis\u00f3 que tambi\u00e9n exceptuar\u00e1 de los cortes a los usuarios particulares y monotributistas de las categor\u00edas C y D, que acrediten una merma de 50% o m\u00e1s en su capacidad de pago.<\/p>\n\n\n\n<p class=\"has-medium-font-size\">Del mismo modo a las asociaciones civiles constituidas como clubes de barrio, centro de jubilados, sociedades de fomento y centros culturales que lo soliciten<\/p>\n\n\n\n<p class=\"has-medium-font-size\">Por otra parte, las empresas deber\u00e1n informar al Enacom, dentro de los pr\u00f3ximos 15 d\u00edas, el valor de todos los precios establecidos para los servicios reducidos, desagregados por tipo de servicio y \u00abbajo la condici\u00f3n de ser \u00e9stos justos y razonables\u00bb.<\/p>\n\n\n\n<p class=\"has-medium-font-size\">Los precios de los servicios reducidos, deber\u00e1n ser comunicados a los usuarios a trav\u00e9s de las facturas, las p\u00e1ginas web institucionales y todas las redes sociales mediante las cuales se comuniquen con sus clientes o publiciten sus servicios.<\/p>\n\n\n\n<p class=\"has-medium-font-size\">Las prestadoras tambi\u00e9n deber\u00e1n informar al Ente en los pr\u00f3ximos 15 d\u00edas, los t\u00e9rminos y condiciones o modalidades de los planes de pago y el proceso de comunicaci\u00f3n, que deber\u00e1n poner a disposici\u00f3n de los usuarios con saldos impagos.<ins><\/ins><\/p>\n\n\n\n<p class=\"has-medium-font-size\">Los planes de pago ofrecidos deber\u00e1n prever la posibilidad de ser pagaderos en, al menos, tres cuotas mensuales, iguales y consecutivas; y no podr\u00e1n aplicarse intereses moratorios, compensatorios, punitorios, ni ninguna otra penalidad.<\/p>\n","protected":false},"excerpt":{"rendered":"<p>El gobierno nacional anunci\u00f3 que se har\u00e1 cargo de supervisar que las empresas prestadoras de\u00a0telefon\u00eda<\/p>\n","protected":false},"author":1,"featured_media":3716,"comment_status":"open","ping_status":"open","sticky":false,"template":"","format":"standard","meta":{"om_disable_all_campaigns":false,"_monsterinsights_skip_tracking":false,"_monsterinsights_sitenote_active":false,"_monsterinsights_sitenote_note":"","_monsterinsights_sitenote_category":0,"_uf_show_specific_survey":0,"_uf_disable_surveys":false,"footnotes":""},"categories":[32],"tags":[285],"class_list":["post-3715","post","type-post","status-publish","format-standard","has-post-thumbnail","hentry","category-actualidad","tag-nacion"],"aioseo_notices":[],"_links":{"self":[{"href":"https:\/\/revistabife.com\/index.php\/wp-json\/wp\/v2\/posts\/3715"}],"collection":[{"href":"https:\/\/revistabife.com\/index.php\/wp-json\/wp\/v2\/posts"}],"about":[{"href":"https:\/\/revistabife.com\/index.php\/wp-json\/wp\/v2\/types\/post"}],"author":[{"embeddable":true,"href":"https:\/\/revistabife.com\/index.php\/wp-json\/wp\/v2\/users\/1"}],"replies":[{"embeddable":true,"href":"https:\/\/revistabife.com\/index.php\/wp-json\/wp\/v2\/comments?post=3715"}],"version-history":[{"count":1,"href":"https:\/\/revistabife.com\/index.php\/wp-json\/wp\/v2\/posts\/3715\/revisions"}],"predecessor-version":[{"id":3717,"href":"https:\/\/revistabife.com\/index.php\/wp-json\/wp\/v2\/posts\/3715\/revisions\/3717"}],"wp:featuredmedia":[{"embeddable":true,"href":"https:\/\/revistabife.com\/index.php\/wp-json\/wp\/v2\/media\/3716"}],"wp:attachment":[{"href":"https:\/\/revistabife.com\/index.php\/wp-json\/wp\/v2\/media?parent=3715"}],"wp:term":[{"taxonomy":"category","embeddable":true,"href":"https:\/\/revistabife.com\/index.php\/wp-json\/wp\/v2\/categories?post=3715"},{"taxonomy":"post_tag","embeddable":true,"href":"https:\/\/revistabife.com\/index.php\/wp-json\/wp\/v2\/tags?post=3715"}],"curies":[{"name":"wp","href":"https:\/\/api.w.org\/{rel}","templated":true}]}}