{"id":37141,"date":"2025-03-13T19:19:43","date_gmt":"2025-03-13T22:19:43","guid":{"rendered":"https:\/\/revistabife.com\/?p=37141"},"modified":"2025-03-13T19:19:44","modified_gmt":"2025-03-13T22:19:44","slug":"bullrich-justifico-la-represion-al-fotografo-y-llamo-jubilada-patotera-a-la-anciana-que-termino-lastimada","status":"publish","type":"post","link":"https:\/\/revistabife.com\/index.php\/2025\/03\/13\/bullrich-justifico-la-represion-al-fotografo-y-llamo-jubilada-patotera-a-la-anciana-que-termino-lastimada\/","title":{"rendered":"Bullrich justific\u00f3 la represi\u00f3n al fot\u00f3grafo y llam\u00f3 &#8220;jubilada patotera&#8221; a la anciana que termin\u00f3 lastimada"},"content":{"rendered":"\n<h2 class=\"wp-block-heading\"><\/h2>\n\n\n\n<p>La ministra de Seguridad, Patricia Bullrich, sostuvo que la herida de gravedad que sufri\u00f3 el fot\u00f3grafo &#8220;militante&#8221; Pablo Grillo fue&nbsp;<strong>&#8220;consecuencia de aquellos que generan violencia&#8221;<\/strong>, luego de la marcha en el Congreso por los jubilados, que termin\u00f3 en disturbios.<\/p>\n\n\n\n<p>&#8220;Cuando existe un ataque tan fuerte, cuando la realidad es esta,&nbsp;<strong>las fuerzas de seguridad tienen que proteger la democracia y el orden p\u00fablico y&nbsp;tiene que utilizar los elementos que el Estado les da&#8221;<\/strong>, indic\u00f3 Bullrich sobre el disparo de la c\u00e1psula de gas lacrim\u00f3geno que hiri\u00f3 a Grillo y lo dej\u00f3 con&nbsp;<a href=\"https:\/\/www.rosario3.com\/informaciongeneral\/El-fotografo-atacado-en-la-marcha-de-jubilados-continua-en-estado-critico-y-piden-dadores-de-sangre-20250313-0004.html\" target=\"_blank\" rel=\"noreferrer noopener\">fractura de cr\u00e1neo y p\u00e9rdida de masa&nbsp;encef\u00e1lica<\/a>.<\/p>\n\n\n\n<p>En conferencia de prensa en la sede del Ministerio, sostuvo que&nbsp;<strong>&#8220;\u00e9l lanza gases es un arma no letal&#8221;<\/strong>&nbsp;y el objetivo es &#8220;generar dispersi\u00f3n&#8221;.<\/p>\n\n\n\n<p>&#8220;En el operativo no hay un hecho individual de un polic\u00eda. Las fuerzas act\u00faan al nivel de fuerzas y ataques que tienen enfrente.&nbsp;<strong>Aquellos que van armados a una marcha tienen que saber que el&nbsp; Estado argentino no es un estado bobo&#8221;<\/strong>, advirti\u00f3 Bullrich.<\/p>\n\n\n\n<p>Adem\u00e1s, resalt\u00f3 que no se tomar\u00e1&nbsp;<strong>&#8220;ninguna medida&#8221; para investigar el accionar de las fuerzas de seguridad<\/strong>.&nbsp;<\/p>\n\n\n\n<p>&#8220;\u00c9l (Pablo Grillo) estaba en ese momento atr\u00e1s de un lugar con fuego. Lamentamos mucho su estado, pero quien utilizo el arma no letal la utiliz\u00f3 de manera correcta.&nbsp;<strong>Rebot\u00f3 en una barricada que hab\u00edan hecho los militantes violentos y por eso cambi\u00f3 la direcci\u00f3n y le peg\u00f3 al fot\u00f3grafo militante<\/strong>. Son consecuencias de aquellos que generan violencia, que&nbsp;<strong>van a tener como respuesta la represi\u00f3n del estado&#8221;,<\/strong>&nbsp;recalc\u00f3 la funcionaria nacional.<\/p>\n\n\n\n<h2 class=\"wp-block-heading\"><strong>La \u201cjubilada patotera\u201d<\/strong><\/h2>\n\n\n\n<p>En tanto, Bullrich fue consultada por otro episodio ocurrido durante la protesta, que tuvo como protagonista a una mujer mayor que cay\u00f3 al piso y result\u00f3 herida tras el empuj\u00f3n de un polic\u00eda.<\/p>\n\n\n\n<p>Bullrich la calific\u00f3 como<strong>&nbsp;&#8220;jubilada patotera&#8221; y explic\u00f3 que el efectivo &#8220;se defendi\u00f3 del ataque&#8221; de la mujer<\/strong>.<\/p>\n\n\n\n<p>&#8220;La se\u00f1ora golpe\u00f3 en reiteradas oportunidades al polic\u00eda, le dio cinco o seis golpes. Se dio vuelta para intentar sacarse de encima a la persona y la mujer cae al piso. La acci\u00f3n y el ataque&nbsp;lo hace la mujer.&nbsp;<strong>El polic\u00eda se estaba defendiendo&#8221;<\/strong>, destac\u00f3.&nbsp;<\/p>\n","protected":false},"excerpt":{"rendered":"<p>La ministra de Seguridad, Patricia Bullrich, sostuvo que la herida de gravedad que sufri\u00f3 el<\/p>\n","protected":false},"author":1,"featured_media":37142,"comment_status":"closed","ping_status":"open","sticky":false,"template":"","format":"standard","meta":{"om_disable_all_campaigns":false,"_monsterinsights_skip_tracking":false,"_monsterinsights_sitenote_active":false,"_monsterinsights_sitenote_note":"","_monsterinsights_sitenote_category":0,"_uf_show_specific_survey":0,"_uf_disable_surveys":false,"footnotes":""},"categories":[32,1868],"tags":[],"class_list":["post-37141","post","type-post","status-publish","format-standard","has-post-thumbnail","hentry","category-actualidad","category-nacionales-2"],"aioseo_notices":[],"_links":{"self":[{"href":"https:\/\/revistabife.com\/index.php\/wp-json\/wp\/v2\/posts\/37141"}],"collection":[{"href":"https:\/\/revistabife.com\/index.php\/wp-json\/wp\/v2\/posts"}],"about":[{"href":"https:\/\/revistabife.com\/index.php\/wp-json\/wp\/v2\/types\/post"}],"author":[{"embeddable":true,"href":"https:\/\/revistabife.com\/index.php\/wp-json\/wp\/v2\/users\/1"}],"replies":[{"embeddable":true,"href":"https:\/\/revistabife.com\/index.php\/wp-json\/wp\/v2\/comments?post=37141"}],"version-history":[{"count":1,"href":"https:\/\/revistabife.com\/index.php\/wp-json\/wp\/v2\/posts\/37141\/revisions"}],"predecessor-version":[{"id":37143,"href":"https:\/\/revistabife.com\/index.php\/wp-json\/wp\/v2\/posts\/37141\/revisions\/37143"}],"wp:featuredmedia":[{"embeddable":true,"href":"https:\/\/revistabife.com\/index.php\/wp-json\/wp\/v2\/media\/37142"}],"wp:attachment":[{"href":"https:\/\/revistabife.com\/index.php\/wp-json\/wp\/v2\/media?parent=37141"}],"wp:term":[{"taxonomy":"category","embeddable":true,"href":"https:\/\/revistabife.com\/index.php\/wp-json\/wp\/v2\/categories?post=37141"},{"taxonomy":"post_tag","embeddable":true,"href":"https:\/\/revistabife.com\/index.php\/wp-json\/wp\/v2\/tags?post=37141"}],"curies":[{"name":"wp","href":"https:\/\/api.w.org\/{rel}","templated":true}]}}