{"id":37119,"date":"2025-03-11T12:49:53","date_gmt":"2025-03-11T15:49:53","guid":{"rendered":"https:\/\/revistabife.com\/?p=37119"},"modified":"2025-03-11T12:49:54","modified_gmt":"2025-03-11T15:49:54","slug":"inauguraron-un-centro-de-desarrollo-infantil-en-toay","status":"publish","type":"post","link":"https:\/\/revistabife.com\/index.php\/2025\/03\/11\/inauguraron-un-centro-de-desarrollo-infantil-en-toay\/","title":{"rendered":"Inauguraron un Centro de Desarrollo Infantil en Toay"},"content":{"rendered":"\n<p class=\"has-medium-font-size\">El gobernador Sergio Ziliotto y el intendente Ariel Rojas inauguraron este lunes el Centro de Desarrollo Infantil (CDI) en el barrio El Chaparral de la ciudad de Toay. Ziliotto destac\u00f3 la importancia de sostener dos pol\u00edticas de Estado fundamentales: la obra p\u00fablica y la educaci\u00f3n, pilares para garantizar el desarrollo y el bienestar de la comunidad pampeana. &#8220;Hoy podemos mostrar la conjunci\u00f3n de dos pol\u00edticas de Estado: el sostenimiento de la obra p\u00fablica y la educaci\u00f3n. No se trata solo de un edificio nuevo, sino de ni\u00f1os y ni\u00f1as que recibir\u00e1n contenci\u00f3n, formaci\u00f3n y educaci\u00f3n en un espacio adecuado&#8221;, sostuvo.<br>El nuevo edificio, que lleva el nombre de &#8220;Coco Zalazar&#8221;, est\u00e1 ubicado en el Barrio El Chaparral y atender\u00e1 a m\u00e1s de 50 ni\u00f1os y ni\u00f1as.<br>Adem\u00e1s del Gobernador y el Intendente, estuvieron presentes el ministro de Desarrollo Social y Derechos Humanos, Diego \u00c1lvarez; la ministra de Educaci\u00f3n, Marcela Feuerschvenger; el ministro de Obras y Servicios P\u00fablicos, Alfredo Intronati; la diputada provincial, Marcela P\u00e1ez; la directora del CDI, Carina Cherri; y dem\u00e1s autoridades.<\/p>\n\n\n\n<p class=\"has-medium-font-size\"><strong>Ziliotto: \u201cLa obra p\u00fablica no puede desaparecer\u201d<\/strong><br>La inauguraci\u00f3n estuvo marcada por la emoci\u00f3n y la preocupaci\u00f3n por la situaci\u00f3n en Bah\u00eda Blanca. Ziliotto dijo que &#8220;este es un acto que est\u00e1 empa\u00f1ado por el sufrimiento de argentinos que est\u00e1n un poquito lejos de lo geogr\u00e1fico, pero muy cerca del coraz\u00f3n. Tenemos lazos de amistad, culturales, comerciales y deportivos con Bah\u00eda Blanca, y es uno de los lugares que nos preocupa y nos ocupa&#8221;.<br>Record\u00f3 que en el inicio del per\u00edodo de sesiones del Poder Legislativo mencion\u00f3 que &#8220;uno de cada cuatro pampeanos est\u00e1 en el sistema de educaci\u00f3n p\u00fablica&#8221;. Adem\u00e1s, subray\u00f3 que esta inversi\u00f3n en infraestructura educativa contribuir\u00e1 a sostener &#8220;un nivel de educaci\u00f3n, de vida y de formaci\u00f3n distintivo en el contexto nacional.&nbsp;No es casualidad que, seg\u00fan el \u00faltimo dato de Naciones Unidas, La Pampa sea la Provincia con el mejor \u00edndice de desarrollo humano del pa\u00eds&#8221;, enfatiz\u00f3.<br>Tambi\u00e9n remarc\u00f3 la decisi\u00f3n del Gobierno provincial de universalizar las salas de tres a\u00f1os a partir de este a\u00f1o, con el objetivo de garantizar la igualdad de oportunidades desde la primera infancia hasta la finalizaci\u00f3n del ciclo secundario, articulando con la Universidad Nacional de La Pampa para que &#8220;todos tengan el mismo derecho a un estudio&#8221;.<br>Respecto a la importancia de la obra p\u00fablica, el Gobernador defendi\u00f3 su continuidad como una pol\u00edtica estrat\u00e9gica e indispensable, especialmente en comunidades donde la rentabilidad econ\u00f3mica no es viable para la inversi\u00f3n privada. &#8220;La obra p\u00fablica no puede desaparecer nunca, menos en sociedades donde la escala poblacional no cierra en el negocio para el sector privado. No se trata de Estado o mercado, no es lo p\u00fablico o lo privado, es la conjunci\u00f3n&#8221;, explic\u00f3.<br>&#8220;Donde el privado no puede estar porque no hay rentabilidad econ\u00f3mica l\u00f3gica para su sustento, debe estar el Estado buscando rentabilidad social, mejorando la calidad de vida de la gente, vivan donde vivan&#8221;, agreg\u00f3.<\/p>\n\n\n\n<p class=\"has-medium-font-size\"><strong>&#8220;Momento de construcciones colectivas&#8221;<\/strong><br>Finalmente, el Gobernador llam\u00f3 a la dirigencia pol\u00edtica a unirse en criterios comunes para la reconstrucci\u00f3n de Bah\u00eda Blanca, ciudad que enfrenta serios problemas de infraestructura y econom\u00eda. &#8220;No se trata de echar culpas o de buscar posicionamientos pol\u00edticos. La gente est\u00e1 cansada de que echemos la culpa. Es momento de construcciones colectivas y de mostrar una mirada humanitaria que trascienda cualquier inter\u00e9s personal&#8221;, subray\u00f3.<br>&#8220;La mejor manera de tener los mejores gobiernos es involucrarse a trav\u00e9s de la participaci\u00f3n y el control social. En La Pampa tenemos un est\u00e1ndar superior en este sentido, con un fuerte control social e institucional. Debemos estar m\u00e1s juntos que nunca, no solo por lo que ha pasado el fin de semana, sino porque tenemos que seguir construyendo una Provincia cada vez mejor, con m\u00e1s oportunidades y con la mayor calidad de vida posible&#8221;, concluy\u00f3.<\/p>\n\n\n\n<p class=\"has-medium-font-size\"><strong>Rojas: &#8220;d\u00eda muy importante&#8221;<\/strong><br>El intendente Ariel Rojas dijo que &#8220;hoy estamos viviendo un d\u00eda muy importante en Toay. A veces es bueno hacer un alto y mirar alrededor para darle el debido valor a lo que significa tener todos los d\u00edas la posibilidad de disfrutar de algo&#8221;.<br>&#8220;Hay que rescatar y valorar el cari\u00f1o y el amor que le puso el personal del CDI, que trabaj\u00f3 inclusive los fines de semana para que hoy est\u00e9 as\u00ed&#8221;, enfatiz\u00f3 el intendente, destacando adem\u00e1s que la obra fue llevada adelante por una empresa local.<br>En su discurso, Rojas hizo un an\u00e1lisis sobre el desaf\u00edo que implica concretar obras en el contexto actual. &#8220;Cuando hablamos de una obra p\u00fablica que se inaugura, debemos tomar dimensi\u00f3n de lo que significa poder llevarla adelante. Este proyecto fue solicitado, pensado y dise\u00f1ado hace muchos a\u00f1os, en un contexto diferente, donde pod\u00edamos pensar en un futuro&#8221;, record\u00f3. No obstante, tambi\u00e9n se\u00f1al\u00f3 que la falta de financiamiento por parte del Gobierno nacional puso en riesgo la finalizaci\u00f3n de la obra, lo que motiv\u00f3 el apoyo del gobernador Sergio Ziliotto para garantizar su concreci\u00f3n. &#8220;Gracias, Sergio, por darnos esta oportunidad y por el esfuerzo que realizas para terminar todas las obras que quedaron inconclusas&#8221;, manifest\u00f3.<br>El Intendente cerr\u00f3 su discurso con un mensaje de respaldo al gobernador y un llamado a defender los logros alcanzados en la Provincia. &#8220;Queremos decirte que el cartel que preparamos es un mimo de los toayenses para darte fuerzas en este dif\u00edcil camino. Sab\u00e9s que no est\u00e1s solo, somos muchos los pampeanos que pretendemos ese mismo camino de defender lo que supimos conseguir y de trabajar para que cada d\u00eda podamos estar mejor en Toay y en la Provincia&#8221;, dijo.<\/p>\n","protected":false},"excerpt":{"rendered":"<p>El gobernador Sergio Ziliotto y el intendente Ariel Rojas inauguraron este lunes el Centro de<\/p>\n","protected":false},"author":1,"featured_media":37121,"comment_status":"closed","ping_status":"open","sticky":false,"template":"","format":"standard","meta":{"om_disable_all_campaigns":false,"_monsterinsights_skip_tracking":false,"_monsterinsights_sitenote_active":false,"_monsterinsights_sitenote_note":"","_monsterinsights_sitenote_category":0,"_uf_show_specific_survey":0,"_uf_disable_surveys":false,"footnotes":""},"categories":[32,1913],"tags":[],"class_list":["post-37119","post","type-post","status-publish","format-standard","has-post-thumbnail","hentry","category-actualidad","category-porvinciales"],"aioseo_notices":[],"_links":{"self":[{"href":"https:\/\/revistabife.com\/index.php\/wp-json\/wp\/v2\/posts\/37119"}],"collection":[{"href":"https:\/\/revistabife.com\/index.php\/wp-json\/wp\/v2\/posts"}],"about":[{"href":"https:\/\/revistabife.com\/index.php\/wp-json\/wp\/v2\/types\/post"}],"author":[{"embeddable":true,"href":"https:\/\/revistabife.com\/index.php\/wp-json\/wp\/v2\/users\/1"}],"replies":[{"embeddable":true,"href":"https:\/\/revistabife.com\/index.php\/wp-json\/wp\/v2\/comments?post=37119"}],"version-history":[{"count":1,"href":"https:\/\/revistabife.com\/index.php\/wp-json\/wp\/v2\/posts\/37119\/revisions"}],"predecessor-version":[{"id":37122,"href":"https:\/\/revistabife.com\/index.php\/wp-json\/wp\/v2\/posts\/37119\/revisions\/37122"}],"wp:featuredmedia":[{"embeddable":true,"href":"https:\/\/revistabife.com\/index.php\/wp-json\/wp\/v2\/media\/37121"}],"wp:attachment":[{"href":"https:\/\/revistabife.com\/index.php\/wp-json\/wp\/v2\/media?parent=37119"}],"wp:term":[{"taxonomy":"category","embeddable":true,"href":"https:\/\/revistabife.com\/index.php\/wp-json\/wp\/v2\/categories?post=37119"},{"taxonomy":"post_tag","embeddable":true,"href":"https:\/\/revistabife.com\/index.php\/wp-json\/wp\/v2\/tags?post=37119"}],"curies":[{"name":"wp","href":"https:\/\/api.w.org\/{rel}","templated":true}]}}