{"id":37115,"date":"2025-03-11T12:45:47","date_gmt":"2025-03-11T15:45:47","guid":{"rendered":"https:\/\/revistabife.com\/?p=37115"},"modified":"2025-03-11T12:45:48","modified_gmt":"2025-03-11T15:45:48","slug":"ziliotto-entrego-38-nuevos-moviles-en-el-inicio-del-ciclo-lectivo-de-la-escuela-de-policia","status":"publish","type":"post","link":"https:\/\/revistabife.com\/index.php\/2025\/03\/11\/ziliotto-entrego-38-nuevos-moviles-en-el-inicio-del-ciclo-lectivo-de-la-escuela-de-policia\/","title":{"rendered":"Ziliotto entreg\u00f3 38 nuevos m\u00f3viles en el inicio del Ciclo Lectivo de la Escuela de Polic\u00eda"},"content":{"rendered":"\n<p class=\"has-medium-font-size\">Los nuevos m\u00f3viles policiales ser\u00e1n distribuidos en distintas localidades de la Provincia para reforzar el patrullaje y garantizar un servicio de calidad. La inversi\u00f3n supera los 1.500 millones de pesos. La entrega se realiz\u00f3 durante inicio del Ciclo Lectivo &nbsp;de 25 cadetes de Primer A\u00f1o y 125 aspirantes Agentes. Ziliotto anunci\u00f3 que en el segundo cuatrimestre de este a\u00f1o se pondr\u00e1 en marcha la Licenciatura en Seguridad P\u00fablica y Ciudadana.<\/p>\n\n\n\n<p class=\"has-medium-font-size\">El gobernador Sergio Ziliotto encabez\u00f3 este lunes la ceremonia de inicio del ciclo lectivo 2025 del Instituto Superior Policial (ISP) y la entrega de 38 nuevos m\u00f3viles policiales para distintas dependencias de la Provincia. Subray\u00f3 la importancia de la inversi\u00f3n p\u00fablica en seguridad. &#8220;El Estado da un paso m\u00e1s, a pesar de todos los vientos en contra que nos obligan a transitar la realidad actual. Vamos a seguir invirtiendo en calidad de vida, porque cuando m\u00e1s seguros estemos, mejor calidad de vida tendremos. Y ese seguir\u00e1 siendo nuestro desaf\u00edo&#8221;, asegur\u00f3.&nbsp;<br>Hizo especial \u00e9nfasis en la formaci\u00f3n constante del personal policial, destacando el trabajo del Instituto de la Polic\u00eda y la colaboraci\u00f3n con la Universidad Nacional de La Pampa. &#8220;La conflictividad social aumenta y para eso tiene que haber un personal policial cada vez m\u00e1s formado, con mayores herramientas. Por eso a\u00f1o a a\u00f1o perfeccionamos las formaciones, no s\u00f3lo en el \u00e1mbito tradicional sino incorporando nuevos saberes y buscando la excelencia&#8221;, asegur\u00f3.<br>Anunci\u00f3 que en el segundo cuatrimestre de este a\u00f1o se pondr\u00e1 en marcha la Licenciatura en Seguridad P\u00fablica y Ciudadana, un proyecto impulsado en conjunto con la Universidad. Tambi\u00e9n destac\u00f3 el aumento progresivo de la participaci\u00f3n femenina en la fuerza de seguridad, reflejo de una sociedad en evoluci\u00f3n.<br>El mandatario reconoci\u00f3 que el acto se realizaba en un contexto de dolor debido a la emergencia clim\u00e1tica que atraviesa Bah\u00eda Blanca. &#8220;Quiz\u00e1 a varios kil\u00f3metros de distancia geogr\u00e1fica, pero muy cerca del coraz\u00f3n de la provincia de La Pampa, especialmente del sur, argentinos y argentinas est\u00e1n viviendo un desastre comunitario. Eso tambi\u00e9n debe ocuparnos y ver c\u00f3mo podemos contribuir para paliarlo. Tenemos capacidad y fortaleza financiera para ayudar&#8221;, afirm\u00f3.<br>Adem\u00e1s del Gobernador, participaron del acto el ministro de Seguridad y Justicia, Horacio di N\u00e1poli; el ministro de Gobierno y Asuntos Municipales, Pascual Fern\u00e1ndez; la ministra de Educaci\u00f3n, Marcela Feuerschvenger; el jefe de Polic\u00eda, Claudio Cano; el rector del ISP, H\u00e9ctor Sosa; intendentes e intendentas y dem\u00e1s autoridades.<\/p>\n\n\n\n<p class=\"has-medium-font-size\"><strong>Inversi\u00f3n clave&nbsp;<\/strong><br>En la plaza de Armas del ISP se concret\u00f3 la entrega de 38 nuevos m\u00f3viles policiales, que ser\u00e1n distribuidos en distintas localidades de la provincia para reforzar el patrullaje y garantizar un servicio de calidad. La inversi\u00f3n, que ascendi\u00f3 a $1.553.080.000, permiti\u00f3 la adquisici\u00f3n de 10 camionetas Renault Alaskan y 28 Renault Oroch, todas equipadas con tecnolog\u00eda de \u00faltima generaci\u00f3n.<br>El gobernador Sergio Ziliotto afirm\u00f3 que &#8220;casi el 50% de los patrulleros de La Pampa tienen menos de cinco a\u00f1os de antig\u00fcedad. Eso habla de la calidad del servicio y del compromiso del Estado para garantizar seguridad&#8221;.<br>Hizo hincapi\u00e9 en la importancia que la provincia de La Pampa otorga a la seguridad p\u00fablica, asegurando que se trata de una pol\u00edtica de Estado basada en la construcci\u00f3n colectiva. &#8220;Es una responsabilidad social de todos, de vivir m\u00e1s seguros, de que haya reglas de tolerancia. En ese marco, siempre habr\u00e1 un Estado que ordene, pero tambi\u00e9n necesitamos una sociedad que se involucre&#8221;, expres\u00f3.<br>Asimismo, resalt\u00f3 el papel de los intendentes en la conformaci\u00f3n de una red de seguridad ciudadana. &#8220;No es casualidad que aqu\u00ed est\u00e9n se\u00f1ores y se\u00f1oras intendentes, porque eso tambi\u00e9n forma parte de esa red de seguridad ciudadana que desarrollamos en cada rinc\u00f3n de la provincia&#8221;, manifest\u00f3.<br>El Gobernador destac\u00f3 la reputaci\u00f3n que el sistema de seguridad pampeano ha construido a nivel nacional. &#8220;Por respeto, por estad\u00edsticas, creo que estamos mostrando un camino en muchos \u00e1mbitos. Y ese camino tiene como principal herramienta a la familia policial, el recurso humano, al cual es necesario dotarlo permanentemente de equipamiento, veh\u00edculos y, principalmente, de capacitaci\u00f3n&#8221;, explic\u00f3.<br>Tras el acto protocolar, el Gobernador junto al ministro de Seguridad y Justicia realizaron la entrega simb\u00f3lica de las llaves de los veh\u00edculos al jefe y subjefe de Polic\u00eda.&nbsp;<\/p>\n\n\n\n<p class=\"has-medium-font-size\"><strong>Ciclo lectivo<\/strong><br>La ceremonia tambi\u00e9n marc\u00f3 el inicio formal del Ciclo Lectivo 2025 para las y los aspirantes a cadetes y agentes de polic\u00eda, que se formar\u00e1n en la sede central del ISP en Santa Rosa y en la extensi\u00f3n \u00e1ulica de General Pico.<br>En este sentido, el rector del ISP, H\u00e9ctor Sosa, destac\u00f3 que este a\u00f1o se incorporan &#8220;25 cadetes de Primer A\u00f1o y 125 aspirantes Agentes, de la cohorte n\u00famero 13, con la particularidad que 27 aspirantes ser\u00e1n part\u00edcipes de la Extensi\u00f3n \u00c1ulica del Instituto Superior Policial en la ciudad de General Pico por segundo a\u00f1o consecutivo&#8221;.&nbsp;<br>Sosa agradeci\u00f3 a los profesores y cerr\u00f3 con un mensaje a los alumnos: &#8220;Quiero decirles bienvenidos, p\u00f3nganle voluntad y dedicaci\u00f3n, y qu\u00e9dense tranquilos que desde el Instituto vamos a brindarles todas las herramientas necesarias para llevar adelante con \u00e9xito todos los objetivos&#8221;.&nbsp;<\/p>\n\n\n\n<p class=\"has-medium-font-size\"><strong>Distribuci\u00f3n de m\u00f3viles<\/strong><br>Los veh\u00edculos Renault Oroch ser\u00e1n asignados a diversas dependencias policiales en toda la Provincia, garantizando el refuerzo operativo en cada regi\u00f3n. En Santa Rosa, se destinar\u00e1n a la Seccional Primera, Segunda, Tercera, Sexta, S\u00e9ptima, la Unidad Funcional de G\u00e9nero, Ni\u00f1ez y Adolescencia, el \u00e1rea de Accidentolog\u00eda, el Departamento de Operaciones Policiales, D-4, J-2, DSA y la Unidad Regional I. Tambi\u00e9n se asignar\u00e1n unidades a la comisar\u00eda de Toay y la comisar\u00eda de Eduardo Castex.<br>En General Pico, recibir\u00e1n m\u00f3viles la Seccional Primera, Segunda, Tercera, el Comando de la Unidad Regional II, la Brigada de Investigaciones, la Divisi\u00f3n Toxicoman\u00eda y la Unidad Funcional de G\u00e9nero, Ni\u00f1ez y Adolescencia de la UR II. Asimismo, en General Acha, se destinar\u00e1n a la Comisar\u00eda local y a la Unidad Funcional de G\u00e9nero, Ni\u00f1ez y Adolescencia de la UR III. Finalmente, en la localidad de 25 de Mayo, se reforzar\u00e1 la Unidad Funcional de G\u00e9nero, Ni\u00f1ez y Adolescencia de la UR IV.<br>Por su parte, las camionetas Renault Alaskan ser\u00e1n distribuidas en destacamentos y dependencias estrat\u00e9gicas, incluyendo las localidades de Casa de Piedra, Monte Nievas, V\u00e9rtiz, Lonquimay, Falucho, Miguel Can\u00e9, Rol\u00f3n y Loventu\u00e9. Adem\u00e1s, se asignar\u00e1n unidades a la Divisi\u00f3n Seguridad Rural de la UR I y a la Direcci\u00f3n de Inform\u00e1tica Policial en Santa Rosa.<br>Desde el 10 de diciembre de 2019 hasta la fecha, el Gobierno de La Pampa ha entregado un total de 211 m\u00f3viles policiales, que incluyen 20 autom\u00f3viles, 125 camionetas, 64 motocicletas y 2 Mercedes Sprinter destinadas a los Grupos Especiales. A su vez, se incorporaron tres nuevos elevadores de automotores, optimizando la capacidad de mantenimiento de la flota policial.<\/p>\n","protected":false},"excerpt":{"rendered":"<p>Los nuevos m\u00f3viles policiales ser\u00e1n distribuidos en distintas localidades de la Provincia para reforzar el<\/p>\n","protected":false},"author":1,"featured_media":37116,"comment_status":"closed","ping_status":"open","sticky":false,"template":"","format":"standard","meta":{"om_disable_all_campaigns":false,"_monsterinsights_skip_tracking":false,"_monsterinsights_sitenote_active":false,"_monsterinsights_sitenote_note":"","_monsterinsights_sitenote_category":0,"_uf_show_specific_survey":0,"_uf_disable_surveys":false,"footnotes":""},"categories":[32,1913],"tags":[],"class_list":["post-37115","post","type-post","status-publish","format-standard","has-post-thumbnail","hentry","category-actualidad","category-porvinciales"],"aioseo_notices":[],"_links":{"self":[{"href":"https:\/\/revistabife.com\/index.php\/wp-json\/wp\/v2\/posts\/37115"}],"collection":[{"href":"https:\/\/revistabife.com\/index.php\/wp-json\/wp\/v2\/posts"}],"about":[{"href":"https:\/\/revistabife.com\/index.php\/wp-json\/wp\/v2\/types\/post"}],"author":[{"embeddable":true,"href":"https:\/\/revistabife.com\/index.php\/wp-json\/wp\/v2\/users\/1"}],"replies":[{"embeddable":true,"href":"https:\/\/revistabife.com\/index.php\/wp-json\/wp\/v2\/comments?post=37115"}],"version-history":[{"count":1,"href":"https:\/\/revistabife.com\/index.php\/wp-json\/wp\/v2\/posts\/37115\/revisions"}],"predecessor-version":[{"id":37118,"href":"https:\/\/revistabife.com\/index.php\/wp-json\/wp\/v2\/posts\/37115\/revisions\/37118"}],"wp:featuredmedia":[{"embeddable":true,"href":"https:\/\/revistabife.com\/index.php\/wp-json\/wp\/v2\/media\/37116"}],"wp:attachment":[{"href":"https:\/\/revistabife.com\/index.php\/wp-json\/wp\/v2\/media?parent=37115"}],"wp:term":[{"taxonomy":"category","embeddable":true,"href":"https:\/\/revistabife.com\/index.php\/wp-json\/wp\/v2\/categories?post=37115"},{"taxonomy":"post_tag","embeddable":true,"href":"https:\/\/revistabife.com\/index.php\/wp-json\/wp\/v2\/tags?post=37115"}],"curies":[{"name":"wp","href":"https:\/\/api.w.org\/{rel}","templated":true}]}}