{"id":37106,"date":"2025-03-10T10:48:50","date_gmt":"2025-03-10T13:48:50","guid":{"rendered":"https:\/\/revistabife.com\/?p=37106"},"modified":"2025-03-10T10:49:06","modified_gmt":"2025-03-10T13:49:06","slug":"el-gobierno-de-la-pampa-continuara-financiando-el-boleto-estudiantil-interurbano-gratuito","status":"publish","type":"post","link":"https:\/\/revistabife.com\/index.php\/2025\/03\/10\/el-gobierno-de-la-pampa-continuara-financiando-el-boleto-estudiantil-interurbano-gratuito\/","title":{"rendered":"El Gobierno de La Pampa continuar\u00e1 financiando el Boleto Estudiantil Interurbano Gratuito"},"content":{"rendered":"\n<p>El gobernador de La Pampa, Sergio Ziliotto, y el rector de la UNLPam, Oscar Alpa, firmaron la renovaci\u00f3n del convenio que garantiza la continuidad del Boleto Estudiantil Interurbano Gratuito para el 2025.<\/p>\n\n\n\n<p>Este beneficio, implementado en 2024, permiti\u00f3 que 1.818 estudiantes de 72 localidades viajaran sin costo a sus lugares de estudio. La medida, impulsada por el Gobierno provincial, busca eliminar barreras econ\u00f3micas y garantizar que m\u00e1s j\u00f3venes puedan acceder y completar sus carreras.<\/p>\n\n\n\n<p>Durante la firma en Casa de Gobierno, Ziliotto destac\u00f3 que este boleto gratuito es clave para garantizar igualdad de oportunidades en la educaci\u00f3n superior. &#8220;Es una herramienta fundamental para que ning\u00fan estudiante tenga que abandonar por falta de recursos&#8221;, sostuvo.<\/p>\n\n\n\n<p>Los n\u00fameros reflejan su impacto: entre mayo y diciembre de 2024, la Provincia invirti\u00f3 m\u00e1s de $255 millones para cubrir los traslados, trabajando con 20 empresas de transporte.<\/p>\n\n\n\n<p>El rector Alpa tambi\u00e9n subray\u00f3 la importancia del programa. \u201cLo m\u00e1s relevante es que permiti\u00f3 que j\u00f3venes de toda la provincia sigan estudiando, incluso en un a\u00f1o dif\u00edcil econ\u00f3micamente. Hubo estudiantes que dejaron de alquilar los \u00faltimos meses y pudieron terminar el a\u00f1o gracias a esto\u201d, explic\u00f3.<\/p>\n\n\n\n<p>La necesidad de esta pol\u00edtica qued\u00f3 clara: municipios y organizaciones estudiantiles impulsaron su continuidad. Adem\u00e1s, su impacto trascendi\u00f3 La Pampa, generando inter\u00e9s en otras provincias. &#8220;Algunos rectores nos preguntaron c\u00f3mo implementarlo y lo plantearon a sus gobernadores&#8221;, cont\u00f3 Alpa.<\/p>\n","protected":false},"excerpt":{"rendered":"<p>El gobernador de La Pampa, Sergio Ziliotto, y el rector de la UNLPam, Oscar Alpa,<\/p>\n","protected":false},"author":1,"featured_media":37107,"comment_status":"closed","ping_status":"open","sticky":false,"template":"","format":"standard","meta":{"om_disable_all_campaigns":false,"_monsterinsights_skip_tracking":false,"_monsterinsights_sitenote_active":false,"_monsterinsights_sitenote_note":"","_monsterinsights_sitenote_category":0,"_uf_show_specific_survey":0,"_uf_disable_surveys":false,"footnotes":""},"categories":[32,1913],"tags":[],"class_list":["post-37106","post","type-post","status-publish","format-standard","has-post-thumbnail","hentry","category-actualidad","category-porvinciales"],"aioseo_notices":[],"_links":{"self":[{"href":"https:\/\/revistabife.com\/index.php\/wp-json\/wp\/v2\/posts\/37106"}],"collection":[{"href":"https:\/\/revistabife.com\/index.php\/wp-json\/wp\/v2\/posts"}],"about":[{"href":"https:\/\/revistabife.com\/index.php\/wp-json\/wp\/v2\/types\/post"}],"author":[{"embeddable":true,"href":"https:\/\/revistabife.com\/index.php\/wp-json\/wp\/v2\/users\/1"}],"replies":[{"embeddable":true,"href":"https:\/\/revistabife.com\/index.php\/wp-json\/wp\/v2\/comments?post=37106"}],"version-history":[{"count":1,"href":"https:\/\/revistabife.com\/index.php\/wp-json\/wp\/v2\/posts\/37106\/revisions"}],"predecessor-version":[{"id":37108,"href":"https:\/\/revistabife.com\/index.php\/wp-json\/wp\/v2\/posts\/37106\/revisions\/37108"}],"wp:featuredmedia":[{"embeddable":true,"href":"https:\/\/revistabife.com\/index.php\/wp-json\/wp\/v2\/media\/37107"}],"wp:attachment":[{"href":"https:\/\/revistabife.com\/index.php\/wp-json\/wp\/v2\/media?parent=37106"}],"wp:term":[{"taxonomy":"category","embeddable":true,"href":"https:\/\/revistabife.com\/index.php\/wp-json\/wp\/v2\/categories?post=37106"},{"taxonomy":"post_tag","embeddable":true,"href":"https:\/\/revistabife.com\/index.php\/wp-json\/wp\/v2\/tags?post=37106"}],"curies":[{"name":"wp","href":"https:\/\/api.w.org\/{rel}","templated":true}]}}