{"id":37103,"date":"2025-03-10T09:54:42","date_gmt":"2025-03-10T12:54:42","guid":{"rendered":"https:\/\/revistabife.com\/?p=37103"},"modified":"2025-03-10T09:54:43","modified_gmt":"2025-03-10T12:54:43","slug":"quien-era-el-pampeano-que-murio-intentado-salvar-a-las-dos-nenas-desaperecidas-durante-el-temporal-en-bahia-blanca","status":"publish","type":"post","link":"https:\/\/revistabife.com\/index.php\/2025\/03\/10\/quien-era-el-pampeano-que-murio-intentado-salvar-a-las-dos-nenas-desaperecidas-durante-el-temporal-en-bahia-blanca\/","title":{"rendered":"Qui\u00e9n era el pampeano que muri\u00f3 intentado salvar a las dos nenas desaperecidas durante el temporal en Bah\u00eda Blanca"},"content":{"rendered":"\n<p>D\u00edas despu\u00e9s del feroz temporal que azot\u00f3 a Bah\u00eda Blanca, comienzan a conocerse sus consecuencias y, hasta el momento, se sabe que dej\u00f3 un saldo de al menos 16 muertos. La \u00faltima v\u00edctima en confirmarse fue Rub\u00e9n Zalazar, el pampeano que intent\u00f3 salvar a las dos nenas que a\u00fan se encuentran desaparecidas.<\/p>\n\n\n\n<p>Su cuerpo fue encontrado durante la tarde del domingo. El ministro de seguridad bonaerense, Javier Alonso, fue quien confirm\u00f3 la noticia de su deceso.<\/p>\n\n\n\n<p>Zalazar era un trabajador de la empresa de correo Andreani, que hab\u00eda viajado desde Viedma a Bah\u00eda Blanca, pero qued\u00f3 varado al intentar regresar. Seg\u00fan trascendi\u00f3, el temporal lo atrap\u00f3 en la zona de El Cholo, Cerri.<\/p>\n\n\n\n<p>El hombre fue quien sostuvo en brazos a Pilar Hecker, una de las dos ni\u00f1as que se encuentran desaparecidas. Las nenas viajaban con sus padres rumbo a la casa de unos parientes en Mayor Buratovich, con el objetivo de resguardarse de las tormentas. Sin embargo, en plena Ruta 3, el auto conducido por Andr\u00e9s Hecker, padre de las menores, qued\u00f3 atrapado en el agua y fue arrastrado.<\/p>\n\n\n\n<p>En ese momento, Zalazar trat\u00f3 de auxiliarlos, pero cuando la familia lleg\u00f3 al otro veh\u00edculo la fuerza del agua los arrastr\u00f3 a los cuatro. La madre de las menores fue rescatada tiempo despu\u00e9s; sin embargo, contin\u00faa la b\u00fasqueda de las hermanas.<\/p>\n\n\n\n<p>Rub\u00e9n era oriundo de la localidad de General San Mart\u00edn y padre de dos hijos menores de edad.<\/p>\n\n\n\n<p>Con respecto a la situaci\u00f3n de las ni\u00f1as, el intendente de Bah\u00eda Blanca, Federico Susbielles, sostuvo que &#8220;todo nos hace presumir, lamentablemente, un mal desenlace&#8221;.<\/p>\n","protected":false},"excerpt":{"rendered":"<p>D\u00edas despu\u00e9s del feroz temporal que azot\u00f3 a Bah\u00eda Blanca, comienzan a conocerse sus consecuencias<\/p>\n","protected":false},"author":1,"featured_media":37104,"comment_status":"closed","ping_status":"open","sticky":false,"template":"","format":"standard","meta":{"om_disable_all_campaigns":false,"_monsterinsights_skip_tracking":false,"_monsterinsights_sitenote_active":false,"_monsterinsights_sitenote_note":"","_monsterinsights_sitenote_category":0,"_uf_show_specific_survey":0,"_uf_disable_surveys":false,"footnotes":""},"categories":[32,1913],"tags":[],"class_list":["post-37103","post","type-post","status-publish","format-standard","has-post-thumbnail","hentry","category-actualidad","category-porvinciales"],"aioseo_notices":[],"_links":{"self":[{"href":"https:\/\/revistabife.com\/index.php\/wp-json\/wp\/v2\/posts\/37103"}],"collection":[{"href":"https:\/\/revistabife.com\/index.php\/wp-json\/wp\/v2\/posts"}],"about":[{"href":"https:\/\/revistabife.com\/index.php\/wp-json\/wp\/v2\/types\/post"}],"author":[{"embeddable":true,"href":"https:\/\/revistabife.com\/index.php\/wp-json\/wp\/v2\/users\/1"}],"replies":[{"embeddable":true,"href":"https:\/\/revistabife.com\/index.php\/wp-json\/wp\/v2\/comments?post=37103"}],"version-history":[{"count":1,"href":"https:\/\/revistabife.com\/index.php\/wp-json\/wp\/v2\/posts\/37103\/revisions"}],"predecessor-version":[{"id":37105,"href":"https:\/\/revistabife.com\/index.php\/wp-json\/wp\/v2\/posts\/37103\/revisions\/37105"}],"wp:featuredmedia":[{"embeddable":true,"href":"https:\/\/revistabife.com\/index.php\/wp-json\/wp\/v2\/media\/37104"}],"wp:attachment":[{"href":"https:\/\/revistabife.com\/index.php\/wp-json\/wp\/v2\/media?parent=37103"}],"wp:term":[{"taxonomy":"category","embeddable":true,"href":"https:\/\/revistabife.com\/index.php\/wp-json\/wp\/v2\/categories?post=37103"},{"taxonomy":"post_tag","embeddable":true,"href":"https:\/\/revistabife.com\/index.php\/wp-json\/wp\/v2\/tags?post=37103"}],"curies":[{"name":"wp","href":"https:\/\/api.w.org\/{rel}","templated":true}]}}