{"id":37096,"date":"2025-03-08T20:08:04","date_gmt":"2025-03-08T23:08:04","guid":{"rendered":"https:\/\/revistabife.com\/?p=37096"},"modified":"2025-03-08T20:10:12","modified_gmt":"2025-03-08T23:10:12","slug":"santa-rosa-murio-una-joven-de-19-anos-que-fue-atropellada-por-una-moto","status":"publish","type":"post","link":"https:\/\/revistabife.com\/index.php\/2025\/03\/08\/santa-rosa-murio-una-joven-de-19-anos-que-fue-atropellada-por-una-moto\/","title":{"rendered":"Santa Rosa: Muri\u00f3 una joven de 19 a\u00f1os que fue atropellada por una moto"},"content":{"rendered":"\n<p>Una joven de 19 a\u00f1os falleci\u00f3 este s\u00e1bado en el Hospital Favaloro, donde permanec\u00eda internada desde el jueves tras ser atropellada por una moto en la Avenida Circunvalaci\u00f3n, entre las calles Andrada y T\u00e9llez.<\/p>\n\n\n\n<p>El siniestro ocurri\u00f3 cerca de las 21:45, cuando la v\u00edctima cruzaba la avenida por la senda peatonal. Seg\u00fan fuentes policiales, la motociclista, que conduc\u00eda una Honda GLH 105 cc, atraves\u00f3 el sem\u00e1foro con luz verde y no logr\u00f3 evitar el impacto.<\/p>\n\n\n\n<p>Como consecuencia del choque, la joven  fue trasladada &#8220;semi inconsciente&#8221; al hospital, donde sufri\u00f3 una descompensaci\u00f3n que deriv\u00f3 en su fallecimiento. La conductora de la moto, en tanto, sufri\u00f3 fracturas en un brazo y una mano, pero fue dada de alta tras recibir atenci\u00f3n m\u00e9dica.<\/p>\n\n\n\n<p>Con este caso, ya son 12 las v\u00edctimas fatales por siniestros viales en lo que va del a\u00f1o en La Pampa.<\/p>\n","protected":false},"excerpt":{"rendered":"<p>Una joven de 19 a\u00f1os falleci\u00f3 este s\u00e1bado en el Hospital Favaloro, donde permanec\u00eda internada<\/p>\n","protected":false},"author":1,"featured_media":37097,"comment_status":"closed","ping_status":"open","sticky":false,"template":"","format":"standard","meta":{"om_disable_all_campaigns":false,"_monsterinsights_skip_tracking":false,"_monsterinsights_sitenote_active":false,"_monsterinsights_sitenote_note":"","_monsterinsights_sitenote_category":0,"_uf_show_specific_survey":0,"_uf_disable_surveys":false,"footnotes":""},"categories":[32,1913],"tags":[],"class_list":["post-37096","post","type-post","status-publish","format-standard","has-post-thumbnail","hentry","category-actualidad","category-porvinciales"],"aioseo_notices":[],"_links":{"self":[{"href":"https:\/\/revistabife.com\/index.php\/wp-json\/wp\/v2\/posts\/37096"}],"collection":[{"href":"https:\/\/revistabife.com\/index.php\/wp-json\/wp\/v2\/posts"}],"about":[{"href":"https:\/\/revistabife.com\/index.php\/wp-json\/wp\/v2\/types\/post"}],"author":[{"embeddable":true,"href":"https:\/\/revistabife.com\/index.php\/wp-json\/wp\/v2\/users\/1"}],"replies":[{"embeddable":true,"href":"https:\/\/revistabife.com\/index.php\/wp-json\/wp\/v2\/comments?post=37096"}],"version-history":[{"count":1,"href":"https:\/\/revistabife.com\/index.php\/wp-json\/wp\/v2\/posts\/37096\/revisions"}],"predecessor-version":[{"id":37098,"href":"https:\/\/revistabife.com\/index.php\/wp-json\/wp\/v2\/posts\/37096\/revisions\/37098"}],"wp:featuredmedia":[{"embeddable":true,"href":"https:\/\/revistabife.com\/index.php\/wp-json\/wp\/v2\/media\/37097"}],"wp:attachment":[{"href":"https:\/\/revistabife.com\/index.php\/wp-json\/wp\/v2\/media?parent=37096"}],"wp:term":[{"taxonomy":"category","embeddable":true,"href":"https:\/\/revistabife.com\/index.php\/wp-json\/wp\/v2\/categories?post=37096"},{"taxonomy":"post_tag","embeddable":true,"href":"https:\/\/revistabife.com\/index.php\/wp-json\/wp\/v2\/tags?post=37096"}],"curies":[{"name":"wp","href":"https:\/\/api.w.org\/{rel}","templated":true}]}}