{"id":37085,"date":"2025-03-06T12:02:05","date_gmt":"2025-03-06T15:02:05","guid":{"rendered":"https:\/\/revistabife.com\/?p=37085"},"modified":"2025-03-06T12:02:06","modified_gmt":"2025-03-06T15:02:06","slug":"la-bersuit-despide-el-verano-en-la-pampa-proximo-domingo-a-las-21-en-el-anfiteatro","status":"publish","type":"post","link":"https:\/\/revistabife.com\/index.php\/2025\/03\/06\/la-bersuit-despide-el-verano-en-la-pampa-proximo-domingo-a-las-21-en-el-anfiteatro\/","title":{"rendered":"La Bersuit despide el verano en La Pampa: pr\u00f3ximo domingo a las 21 en el anfiteatro"},"content":{"rendered":"\n<p class=\"has-medium-font-size\">La Agenda Cultural pampeana para el mes de marzo comenzar\u00e1n a visualizarse, entre otras actividades, con el cierre del Festival de Verano 2025 que tendr\u00e1 la presencia de la Bersuit Vergarabat y la Banda Sinf\u00f3nica, m\u00e1s la apertura del ciclo de exposiciones de la Sala \u201cMarta Arangoa\u201d.<\/p>\n\n\n\n<p class=\"has-medium-font-size\">La Secretar\u00eda de Cultura del Gobierno de La Pampa invit\u00f3 a participar de estas propuestas art\u00edsticas culturales, abiertas y gratuitas para todo p\u00fablico. Este domingo 9 de marzo a las 21 en el Anfiteatro Provincial de Santa Rosa, la Bersuit Vergarabat junto a la Banda Sinf\u00f3nica de La Pampa propondr\u00e1n para el cierre del Festival un concierto de formato sinf\u00f3nico, con un repertorio de 16 canciones de la reconocida banda de rock, en un cruce musical que reivindica la m\u00fasica como proceso de intercambio y evoluci\u00f3n. Con cinco entregas, el Festival de Verano 2025 fue organizado por el Gobierno de La Pampa con apoyo del CFI (Consejo Federal de Inversiones).<\/p>\n\n\n\n<p class=\"has-medium-font-size\">Adem\u00e1s, la Sala \u201cMarta Arangoa\u201d, ubicada en el Centro de Artes, sito en Leguizam\u00f3n 1125 de la ciudad de Santa Rosa, inaugura este viernes 7 a las 20 el ciclo de exposiciones 2025 con la muestra \u201c\u00bfC\u00f3mo atravesar un bosque?\u201d de Valentina Kalinger; un recorrido de fotograf\u00edas de la autora tomadas a lo largo de 10 a\u00f1os. Con entrada libre y gratuita, se exhibir\u00e1 hasta el 18 de abril y podr\u00e1 visitarse de lunes a viernes por la ma\u00f1ana de 8:00 a 13:00 y martes y jueves de 15:30 a 18:00.<\/p>\n\n\n\n<p class=\"has-medium-font-size\">Para coordinar recorridos guiados y\/o mediaciones eventuales, comunicarse con la Direcci\u00f3n Provincial de Art\u00edstica al tel\u00e9fono fijo 02954 70 3345 Interno 4792 oa trav\u00e9s del correo electr\u00f3nico direcciondeartistica@gmail.com<\/p>\n\n\n\n<p class=\"has-medium-font-size\"><strong>Museos<\/strong><br>Museo Provincial de Historia Natural | Quintana 116.<br>Muestra permanente &#8220;Naturaleza y Cultura&#8221;.<br>Es el resultado de un proceso de trabajo sobre la conformaci\u00f3n de las colecciones, los ejes tem\u00e1ticos y la trama humana. Sostenida en una nueva estrategia museogr\u00e1fica, combina dise\u00f1o y comunicaci\u00f3n visual integral con diferentes objetos y espec\u00edmenes de las colecciones, relatando el v\u00ednculo de los grupos humanos con la naturaleza.<br>D\u00edas y horarios: el MPHN se puede visitar de lunes a viernes de 8 a 13 y de 14 a 19. S\u00e1bado y domingo de 19 a 21. Acceso gratuito.<\/p>\n\n\n\n<p class=\"has-medium-font-size\"><strong>Toay<\/strong><br>Casa Museo Olga Orozco | AV. Regimiento 13 de Caballer\u00eda 1102<br>&#8211; Recorrido autoguiado por la CMOO<br>Con acceso gratuito la Casa Museo propone un recorrido autoguiado por sus salas. Adem\u00e1s dispone de la Sala Educativa, abierta a todo p\u00fablico para jugar, leer e interactuar con el patrimonio del Museo.<br>&#8211; \u201cPoes\u00eda Accesible\u201d, muestra inclusiva que comprende poes\u00edas y obras literarias de Olga Orozco en braille. Una nueva propuesta museogr\u00e1fica que suma contenido accesible para personas con discapacidad visual, discapacidad auditiva y discapacidad intelectual. Un proyecto seleccionado en el concurso \u201cEnsayar Museos 2023\u201d, organizado por la Fundaci\u00f3n Williams.<\/p>\n\n\n\n<p class=\"has-medium-font-size\"><strong>D\u00edas y horarios CMOO<\/strong><br>De lunes a viernes de 9 a 17 hs. S\u00e1bados y domingos de 17 a 20 hs. Acceso libre y gratuito.<br>Invitan: Secretar\u00eda de Cultura Gobierno de La Pampa y Municipalidad de Toay.<\/p>\n","protected":false},"excerpt":{"rendered":"<p>La Agenda Cultural pampeana para el mes de marzo comenzar\u00e1n a visualizarse, entre otras actividades,<\/p>\n","protected":false},"author":1,"featured_media":37086,"comment_status":"closed","ping_status":"open","sticky":false,"template":"","format":"standard","meta":{"om_disable_all_campaigns":false,"_monsterinsights_skip_tracking":false,"_monsterinsights_sitenote_active":false,"_monsterinsights_sitenote_note":"","_monsterinsights_sitenote_category":0,"_uf_show_specific_survey":0,"_uf_disable_surveys":false,"footnotes":""},"categories":[32,1913],"tags":[],"class_list":["post-37085","post","type-post","status-publish","format-standard","has-post-thumbnail","hentry","category-actualidad","category-porvinciales"],"aioseo_notices":[],"_links":{"self":[{"href":"https:\/\/revistabife.com\/index.php\/wp-json\/wp\/v2\/posts\/37085"}],"collection":[{"href":"https:\/\/revistabife.com\/index.php\/wp-json\/wp\/v2\/posts"}],"about":[{"href":"https:\/\/revistabife.com\/index.php\/wp-json\/wp\/v2\/types\/post"}],"author":[{"embeddable":true,"href":"https:\/\/revistabife.com\/index.php\/wp-json\/wp\/v2\/users\/1"}],"replies":[{"embeddable":true,"href":"https:\/\/revistabife.com\/index.php\/wp-json\/wp\/v2\/comments?post=37085"}],"version-history":[{"count":1,"href":"https:\/\/revistabife.com\/index.php\/wp-json\/wp\/v2\/posts\/37085\/revisions"}],"predecessor-version":[{"id":37087,"href":"https:\/\/revistabife.com\/index.php\/wp-json\/wp\/v2\/posts\/37085\/revisions\/37087"}],"wp:featuredmedia":[{"embeddable":true,"href":"https:\/\/revistabife.com\/index.php\/wp-json\/wp\/v2\/media\/37086"}],"wp:attachment":[{"href":"https:\/\/revistabife.com\/index.php\/wp-json\/wp\/v2\/media?parent=37085"}],"wp:term":[{"taxonomy":"category","embeddable":true,"href":"https:\/\/revistabife.com\/index.php\/wp-json\/wp\/v2\/categories?post=37085"},{"taxonomy":"post_tag","embeddable":true,"href":"https:\/\/revistabife.com\/index.php\/wp-json\/wp\/v2\/tags?post=37085"}],"curies":[{"name":"wp","href":"https:\/\/api.w.org\/{rel}","templated":true}]}}