{"id":37082,"date":"2025-03-06T11:13:00","date_gmt":"2025-03-06T14:13:00","guid":{"rendered":"https:\/\/revistabife.com\/?p=37082"},"modified":"2025-03-06T11:13:01","modified_gmt":"2025-03-06T14:13:01","slug":"el-gobierno-quiere-un-gran-hermano-periodistico-para-que-la-gente-decida-que-periodista-esta-en-condiciones-de-hacer-preguntas","status":"publish","type":"post","link":"https:\/\/revistabife.com\/index.php\/2025\/03\/06\/el-gobierno-quiere-un-gran-hermano-periodistico-para-que-la-gente-decida-que-periodista-esta-en-condiciones-de-hacer-preguntas\/","title":{"rendered":"El gobierno quiere un &#8220;gran hermano period\u00edstico&#8221; para que la gente decida qu\u00e9 periodista est\u00e1 en condiciones de hacer preguntas"},"content":{"rendered":"\n<p class=\"has-medium-font-size\">Manuel Adorni anunci\u00f3 que quiere convertir la Sala de Periodistas de Casa Rosada en una especie de Gran Hermano donde la gente pueda votar qui\u00e9n puede hacer preguntas y qui\u00e9n no. Adem\u00e1s, el vocero quiere implementar un bot\u00f3n para callar a los cronistas cuando sus preguntas lo incomoden.<\/p>\n\n\n\n<p class=\"has-medium-font-size\">El funcionario, que tiene m\u00e1s de 200 empleados en su estructura, anunci\u00f3 que est\u00e1 por implementar cambios en las conferencias de prensa que en los hechos implicar\u00e1 una limitaci\u00f3n de las funciones de los periodistas.<\/p>\n\n\n\n<p class=\"has-medium-font-size\">&#8220;Estamos pensando alg\u00fan esquema donde los periodistas puedan ser elegidos por la gente, qui\u00e9nes est\u00e9n y qui\u00e9nes no est\u00e9n. Lo estamos analizando y lo estamos pensando de una manera que la gente se sienta representada&#8221;, anunci\u00f3 Adorni. &#8220;Estoy buscando un esquema donde la gente pueda decidir quien se va y quien se queda, como un Gran Hermano period\u00edstico&#8221;, insisti\u00f3 el contador de la UADE.<\/p>\n\n\n\n<p class=\"has-medium-font-size\">La idea de Adorni es una copia bastante m\u00e1s bizarra de la de Donald Trump que d\u00edas atr\u00e1s defini\u00f3 que su gobierno decidir\u00e1 qu\u00e9 periodistas y qu\u00e9 medios podr\u00e1n hacerle preguntas en el Sal\u00f3n Oval o a bordo del avi\u00f3n presidencial. Esa tarea siempre estuvo en manos de una organizaci\u00f3n independiente de periodistas, la Asociaci\u00f3n de Corresponsales de la Casa Blanca (WHCA).<\/p>\n\n\n\n<p class=\"has-medium-font-size\">Por otro lado, Adorni anunci\u00f3 que tambi\u00e9n analiza implementar un &#8220;bot\u00f3n muteador&#8221; para apagarle el micr\u00f3fono a los periodistas cuando pregunten algo que lo incomoda. &#8220;Cuando se exceden un poco, les apreto el bot\u00f3n&#8221;, amenaz\u00f3.<\/p>\n\n\n\n<p class=\"has-medium-font-size\">&#8220;Ahora te mutear\u00eda, por ejemplo&#8221;, le dijo Adorni a la periodista Silvia Mercado, que lo chicane\u00f3 con que se trata de un bot\u00f3n antip\u00e1nico. &#8220;De hecho, te hubiera muteado no sab\u00e9s cu\u00e1ntas veces, a vos y a tantos otros&#8221;, agreg\u00f3 el portavoz, que tambi\u00e9n brome\u00f3 con que la polic\u00eda se podr\u00eda llevar al que le diga algo que no le gusta.<\/p>\n","protected":false},"excerpt":{"rendered":"<p>Manuel Adorni anunci\u00f3 que quiere convertir la Sala de Periodistas de Casa Rosada en una<\/p>\n","protected":false},"author":1,"featured_media":37083,"comment_status":"closed","ping_status":"open","sticky":false,"template":"","format":"standard","meta":{"om_disable_all_campaigns":false,"_monsterinsights_skip_tracking":false,"_monsterinsights_sitenote_active":false,"_monsterinsights_sitenote_note":"","_monsterinsights_sitenote_category":0,"_uf_show_specific_survey":0,"_uf_disable_surveys":false,"footnotes":""},"categories":[32,1913],"tags":[],"class_list":["post-37082","post","type-post","status-publish","format-standard","has-post-thumbnail","hentry","category-actualidad","category-porvinciales"],"aioseo_notices":[],"_links":{"self":[{"href":"https:\/\/revistabife.com\/index.php\/wp-json\/wp\/v2\/posts\/37082"}],"collection":[{"href":"https:\/\/revistabife.com\/index.php\/wp-json\/wp\/v2\/posts"}],"about":[{"href":"https:\/\/revistabife.com\/index.php\/wp-json\/wp\/v2\/types\/post"}],"author":[{"embeddable":true,"href":"https:\/\/revistabife.com\/index.php\/wp-json\/wp\/v2\/users\/1"}],"replies":[{"embeddable":true,"href":"https:\/\/revistabife.com\/index.php\/wp-json\/wp\/v2\/comments?post=37082"}],"version-history":[{"count":1,"href":"https:\/\/revistabife.com\/index.php\/wp-json\/wp\/v2\/posts\/37082\/revisions"}],"predecessor-version":[{"id":37084,"href":"https:\/\/revistabife.com\/index.php\/wp-json\/wp\/v2\/posts\/37082\/revisions\/37084"}],"wp:featuredmedia":[{"embeddable":true,"href":"https:\/\/revistabife.com\/index.php\/wp-json\/wp\/v2\/media\/37083"}],"wp:attachment":[{"href":"https:\/\/revistabife.com\/index.php\/wp-json\/wp\/v2\/media?parent=37082"}],"wp:term":[{"taxonomy":"category","embeddable":true,"href":"https:\/\/revistabife.com\/index.php\/wp-json\/wp\/v2\/categories?post=37082"},{"taxonomy":"post_tag","embeddable":true,"href":"https:\/\/revistabife.com\/index.php\/wp-json\/wp\/v2\/tags?post=37082"}],"curies":[{"name":"wp","href":"https:\/\/api.w.org\/{rel}","templated":true}]}}