{"id":37079,"date":"2025-03-06T11:00:28","date_gmt":"2025-03-06T14:00:28","guid":{"rendered":"https:\/\/revistabife.com\/?p=37079"},"modified":"2025-03-06T11:00:29","modified_gmt":"2025-03-06T14:00:29","slug":"en-una-ano-la-pampa-perdio-mas-de-mil-puestos-de-trabajo-en-la-construccion-y-se-posiciona-entre-las-mas-afectadas-del-pais","status":"publish","type":"post","link":"https:\/\/revistabife.com\/index.php\/2025\/03\/06\/en-una-ano-la-pampa-perdio-mas-de-mil-puestos-de-trabajo-en-la-construccion-y-se-posiciona-entre-las-mas-afectadas-del-pais\/","title":{"rendered":"En una a\u00f1o La Pampa perdi\u00f3 m\u00e1s de mil puestos de trabajo en la construcci\u00f3n y se posiciona entre las m\u00e1s afectadas del pa\u00eds"},"content":{"rendered":"\n<ul class=\"wp-block-list\">\n<li class=\"has-medium-font-size\">El sector de la construcci\u00f3n cerr\u00f3 el 2024 con un fuerte retroceso en el empleo registrado, dejando un saldo de m\u00e1s de 46.000 puestos de trabajo menos a nivel nacional. La Pampa se ubic\u00f3 entre las provincias m\u00e1s golpeadas, con una ca\u00edda del 29,9% interanual, lo que equivale a la p\u00e9rdida de 1.114 empleos, seg\u00fan un informe de la consultora Politikon.<br><br>A lo largo de 2024, el empleo en la construcci\u00f3n atraves\u00f3 una tendencia negativa pronunciada. Si bien el segundo semestre mostr\u00f3 una desaceleraci\u00f3n en la ca\u00edda, los efectos del primer tramo del a\u00f1o, marcado por una baja del 22,2% en junio, condicionaron el balance final. En diciembre, el sector cerr\u00f3 con una contracci\u00f3n interanual del 11,7%, reflejando la persistencia de la crisis.<br><br>En el desglose por provincias, Jujuy fue la \u00fanica que logr\u00f3 revertir la tendencia y cerr\u00f3 el a\u00f1o con un aumento del 8,2% en la cantidad de trabajadores registrados. En el otro extremo, La Rioja experiment\u00f3 la peor ca\u00edda con una p\u00e9rdida del 50,3% de su empleo sectorial. La Pampa, con un retroceso del 29,9%, se ubic\u00f3 entre las m\u00e1s perjudicadas.<br><br>En t\u00e9rminos absolutos, la provincia de Buenos Aires encabez\u00f3 el ranking de p\u00e9rdidas con 13.501 puestos menos, concentrando.<\/li>\n<\/ul>\n","protected":false},"excerpt":{"rendered":"","protected":false},"author":1,"featured_media":37080,"comment_status":"closed","ping_status":"open","sticky":false,"template":"","format":"standard","meta":{"om_disable_all_campaigns":false,"_monsterinsights_skip_tracking":false,"_monsterinsights_sitenote_active":false,"_monsterinsights_sitenote_note":"","_monsterinsights_sitenote_category":0,"_uf_show_specific_survey":0,"_uf_disable_surveys":false,"footnotes":""},"categories":[32,1913],"tags":[],"class_list":["post-37079","post","type-post","status-publish","format-standard","has-post-thumbnail","hentry","category-actualidad","category-porvinciales"],"aioseo_notices":[],"_links":{"self":[{"href":"https:\/\/revistabife.com\/index.php\/wp-json\/wp\/v2\/posts\/37079"}],"collection":[{"href":"https:\/\/revistabife.com\/index.php\/wp-json\/wp\/v2\/posts"}],"about":[{"href":"https:\/\/revistabife.com\/index.php\/wp-json\/wp\/v2\/types\/post"}],"author":[{"embeddable":true,"href":"https:\/\/revistabife.com\/index.php\/wp-json\/wp\/v2\/users\/1"}],"replies":[{"embeddable":true,"href":"https:\/\/revistabife.com\/index.php\/wp-json\/wp\/v2\/comments?post=37079"}],"version-history":[{"count":1,"href":"https:\/\/revistabife.com\/index.php\/wp-json\/wp\/v2\/posts\/37079\/revisions"}],"predecessor-version":[{"id":37081,"href":"https:\/\/revistabife.com\/index.php\/wp-json\/wp\/v2\/posts\/37079\/revisions\/37081"}],"wp:featuredmedia":[{"embeddable":true,"href":"https:\/\/revistabife.com\/index.php\/wp-json\/wp\/v2\/media\/37080"}],"wp:attachment":[{"href":"https:\/\/revistabife.com\/index.php\/wp-json\/wp\/v2\/media?parent=37079"}],"wp:term":[{"taxonomy":"category","embeddable":true,"href":"https:\/\/revistabife.com\/index.php\/wp-json\/wp\/v2\/categories?post=37079"},{"taxonomy":"post_tag","embeddable":true,"href":"https:\/\/revistabife.com\/index.php\/wp-json\/wp\/v2\/tags?post=37079"}],"curies":[{"name":"wp","href":"https:\/\/api.w.org\/{rel}","templated":true}]}}