{"id":37070,"date":"2025-03-06T09:26:23","date_gmt":"2025-03-06T12:26:23","guid":{"rendered":"https:\/\/revistabife.com\/?p=37070"},"modified":"2025-03-06T09:26:23","modified_gmt":"2025-03-06T12:26:23","slug":"conmocion-una-chica-de-17-anos-denuncio-que-fue-violada-en-el-ultimo-primer-dia-paso-en-castex","status":"publish","type":"post","link":"https:\/\/revistabife.com\/index.php\/2025\/03\/06\/conmocion-una-chica-de-17-anos-denuncio-que-fue-violada-en-el-ultimo-primer-dia-paso-en-castex\/","title":{"rendered":"Conmoci\u00f3n: Una chica de 17 a\u00f1os denunci\u00f3 que fue violada en el &#8220;\u00daltimo Primer D\u00eda&#8221;; pas\u00f3 en Castex"},"content":{"rendered":"\n<p>Fue en Eduardo Castex donde una adolescente de 17 a\u00f1os denunci\u00f3 haber sido v\u00edctima de abuso sexual.<\/p>\n\n\n\n<p>El testimonio deriv\u00f3 en un llamado al 101, lo que activ\u00f3 la intervenci\u00f3n de la fiscal tem\u00e1tica de Delitos de Violencia Familiar y de G\u00e9nero, Ver\u00f3nica Ferrero.<\/p>\n\n\n\n<p>Ante la situaci\u00f3n denunciada, el Hospital Pedro Lacoste activ\u00f3 el protocolo de asistencia a v\u00edctimas. Se realizaron estudios m\u00e9dicos y extracci\u00f3n de muestras.<\/p>\n\n\n\n<p>Seg\u00fan el relato de la joven, alrededor de la 4 de la madrugada, con ganas de orinar, se dirige hasta final de un galp\u00f3n. Previo a esto, un compa\u00f1ero de colegio le sostiene el tel\u00e9fono quedando distanciado del lugar y es as\u00ed, que &#8220;al momento de levantarse la bombacha se percata que ese compa\u00f1ero estaba detr\u00e1s de la dicente e intenta besarla en la boca, manifestando ella en todo momento que no quer\u00eda&#8221;, sostuvo en la denuncia<\/p>\n\n\n\n<p>Y detalla en la denuncia que fue ah\u00ed que el compa\u00f1ero le toca con la mano la vagina, intentado la adolescente retirarse; sin embargo, \u00e9ste la toma de los brazos, la apoya contra uno de los veh\u00edculos y la penetra con el pene en la vagina, logrando la dicente salir del lugar con llanto evidente, siendo asistida por compa\u00f1eros, sin contarles lo ocurrido, acerc\u00e1ndose su compa\u00f1ero pidi\u00e9ndole disculpas.<\/p>\n\n\n\n<p>Finalmente al lugar asiste un familiar de la adolescente, quien la retira.<\/p>\n\n\n\n<p>Posteriormente, en horas del mediod\u00eda, la menor relat\u00f3 lo ocurrido a su abuela y finalmente se produjo la denuncia.<\/p>\n","protected":false},"excerpt":{"rendered":"<p>Fue en Eduardo Castex donde una adolescente de 17 a\u00f1os denunci\u00f3 haber sido v\u00edctima de<\/p>\n","protected":false},"author":1,"featured_media":37071,"comment_status":"closed","ping_status":"open","sticky":false,"template":"","format":"standard","meta":{"om_disable_all_campaigns":false,"_monsterinsights_skip_tracking":false,"_monsterinsights_sitenote_active":false,"_monsterinsights_sitenote_note":"","_monsterinsights_sitenote_category":0,"_uf_show_specific_survey":0,"_uf_disable_surveys":false,"footnotes":""},"categories":[32,1913],"tags":[],"class_list":["post-37070","post","type-post","status-publish","format-standard","has-post-thumbnail","hentry","category-actualidad","category-porvinciales"],"aioseo_notices":[],"_links":{"self":[{"href":"https:\/\/revistabife.com\/index.php\/wp-json\/wp\/v2\/posts\/37070"}],"collection":[{"href":"https:\/\/revistabife.com\/index.php\/wp-json\/wp\/v2\/posts"}],"about":[{"href":"https:\/\/revistabife.com\/index.php\/wp-json\/wp\/v2\/types\/post"}],"author":[{"embeddable":true,"href":"https:\/\/revistabife.com\/index.php\/wp-json\/wp\/v2\/users\/1"}],"replies":[{"embeddable":true,"href":"https:\/\/revistabife.com\/index.php\/wp-json\/wp\/v2\/comments?post=37070"}],"version-history":[{"count":1,"href":"https:\/\/revistabife.com\/index.php\/wp-json\/wp\/v2\/posts\/37070\/revisions"}],"predecessor-version":[{"id":37072,"href":"https:\/\/revistabife.com\/index.php\/wp-json\/wp\/v2\/posts\/37070\/revisions\/37072"}],"wp:featuredmedia":[{"embeddable":true,"href":"https:\/\/revistabife.com\/index.php\/wp-json\/wp\/v2\/media\/37071"}],"wp:attachment":[{"href":"https:\/\/revistabife.com\/index.php\/wp-json\/wp\/v2\/media?parent=37070"}],"wp:term":[{"taxonomy":"category","embeddable":true,"href":"https:\/\/revistabife.com\/index.php\/wp-json\/wp\/v2\/categories?post=37070"},{"taxonomy":"post_tag","embeddable":true,"href":"https:\/\/revistabife.com\/index.php\/wp-json\/wp\/v2\/tags?post=37070"}],"curies":[{"name":"wp","href":"https:\/\/api.w.org\/{rel}","templated":true}]}}