{"id":37067,"date":"2025-03-05T14:59:34","date_gmt":"2025-03-05T17:59:34","guid":{"rendered":"https:\/\/revistabife.com\/?p=37067"},"modified":"2025-03-05T14:59:35","modified_gmt":"2025-03-05T17:59:35","slug":"la-pampa-y-buenos-aires-articulan-para-reforzar-la-prevencion-del-furtivismo","status":"publish","type":"post","link":"https:\/\/revistabife.com\/index.php\/2025\/03\/05\/la-pampa-y-buenos-aires-articulan-para-reforzar-la-prevencion-del-furtivismo\/","title":{"rendered":"La Pampa y Buenos Aires articulan para reforzar la prevenci\u00f3n del furtivismo"},"content":{"rendered":"\n<p>El ministro de Seguridad y Justicia, Horacio di N\u00e1poli, junto al jefe de Polic\u00eda, Claudio Cano, el subjefe, Alfredo Calzada, y equipo de la Direcci\u00f3n de Inform\u00e1tica Policial, se reunieron con Mart\u00edn Miguel Torres, director de Seguimiento de Carrera Policial de Buenos Aires, y Mart\u00edn Morales, jefe de pilotos de drones de la Polic\u00eda bonaerense. El encuentro tuvo como objetivo continuar articulando acciones conjuntas de prevenci\u00f3n en el \u00e1mbito rural de cara a la temporada de caza. &nbsp;<\/p>\n\n\n\n<p>Esta labor se enmarca en el convenio de cooperaci\u00f3n firmado entre los gobernadores Sergio Ziliotto y Axel Kicillof el a\u00f1o pasado en el Sal\u00f3n de Acuerdos de Casa de Gobierno de La Pampa. Dicho acuerdo refuerza el compromiso de ambas provincias para coordinar estrategias y recursos con el fin de abordar problem\u00e1ticas de inter\u00e9s mutuo.<\/p>\n\n\n\n<p>En este sentido, se avanz\u00f3 en la planificaci\u00f3n de futuros controles en zonas estrat\u00e9gicas, lo que permitir\u00e1 fortalecer la prevenci\u00f3n del furtivismo y consolidar un trabajo coordinado entre las fuerzas policiales pampeanas y bonaerenses.<\/p>\n\n\n\n<p>El ministro Horacio di N\u00e1poli destac\u00f3 a la Agencia Provincial de Noticias la importancia de estas acciones conjuntas, \u201cel trabajo coordinado es clave para obtener buenos resultados. No se trata solo del uso de tecnolog\u00eda, como los drones, sino de utilizarlos de manera eficiente para intervenir en situaciones concretas. Estos controles son para sostener la pol\u00edtica implementada en nuestra Provincia donde hay presencia, hay control y hay consecuencias para quienes no respetan la ley&#8221;.<\/p>\n\n\n\n<p>Por su parte, Mart\u00edn Torres valor\u00f3 la predisposici\u00f3n de ambas provincias para trabajar en conjunto &#8220;la relaci\u00f3n entre nuestras unidades rurales es excelente, los equipos de trabajo se conocen y tienen un sentido de colaboraci\u00f3n muy fuerte. Esto facilita la coordinaci\u00f3n de operativos y el intercambio de experiencias. Trabajando de forma conjunta hemos realizado operativos de saturaci\u00f3n a\u00e9rea en los que trabajamos durante 48 horas en una zona espec\u00edfica\u201d y a\u00f1adi\u00f3 que \u201ces importante que la poblaci\u00f3n entienda que la tecnolog\u00eda est\u00e1 al servicio de la seguridad&#8221;.<\/p>\n\n\n\n<p>En la misma l\u00ednea, Mart\u00edn Morales, jefe de pilotos de drones de la Polic\u00eda de Buenos Aires, explic\u00f3 la importancia de la planificaci\u00f3n en tierra para garantizar el \u00e9xito de los operativos puntualizando en que \u201cel dron es una herramienta valiosa, pero el factor clave sigue siendo la coordinaci\u00f3n con el personal en territorio. No se trata solo de detectar infractores, sino de generar prevenci\u00f3n. La presencia policial y la planificaci\u00f3n adecuada de los puntos de control permiten mostrar que el Estado est\u00e1 presente. Es fundamental que las comunidades rurales sepan que estamos trabajando para proteger su seguridad y sus recursos&#8221;.<\/p>\n","protected":false},"excerpt":{"rendered":"<p>El ministro de Seguridad y Justicia, Horacio di N\u00e1poli, junto al jefe de Polic\u00eda, Claudio<\/p>\n","protected":false},"author":1,"featured_media":37068,"comment_status":"closed","ping_status":"open","sticky":false,"template":"","format":"standard","meta":{"om_disable_all_campaigns":false,"_monsterinsights_skip_tracking":false,"_monsterinsights_sitenote_active":false,"_monsterinsights_sitenote_note":"","_monsterinsights_sitenote_category":0,"_uf_show_specific_survey":0,"_uf_disable_surveys":false,"footnotes":""},"categories":[32,1913],"tags":[],"class_list":["post-37067","post","type-post","status-publish","format-standard","has-post-thumbnail","hentry","category-actualidad","category-porvinciales"],"aioseo_notices":[],"_links":{"self":[{"href":"https:\/\/revistabife.com\/index.php\/wp-json\/wp\/v2\/posts\/37067"}],"collection":[{"href":"https:\/\/revistabife.com\/index.php\/wp-json\/wp\/v2\/posts"}],"about":[{"href":"https:\/\/revistabife.com\/index.php\/wp-json\/wp\/v2\/types\/post"}],"author":[{"embeddable":true,"href":"https:\/\/revistabife.com\/index.php\/wp-json\/wp\/v2\/users\/1"}],"replies":[{"embeddable":true,"href":"https:\/\/revistabife.com\/index.php\/wp-json\/wp\/v2\/comments?post=37067"}],"version-history":[{"count":1,"href":"https:\/\/revistabife.com\/index.php\/wp-json\/wp\/v2\/posts\/37067\/revisions"}],"predecessor-version":[{"id":37069,"href":"https:\/\/revistabife.com\/index.php\/wp-json\/wp\/v2\/posts\/37067\/revisions\/37069"}],"wp:featuredmedia":[{"embeddable":true,"href":"https:\/\/revistabife.com\/index.php\/wp-json\/wp\/v2\/media\/37068"}],"wp:attachment":[{"href":"https:\/\/revistabife.com\/index.php\/wp-json\/wp\/v2\/media?parent=37067"}],"wp:term":[{"taxonomy":"category","embeddable":true,"href":"https:\/\/revistabife.com\/index.php\/wp-json\/wp\/v2\/categories?post=37067"},{"taxonomy":"post_tag","embeddable":true,"href":"https:\/\/revistabife.com\/index.php\/wp-json\/wp\/v2\/tags?post=37067"}],"curies":[{"name":"wp","href":"https:\/\/api.w.org\/{rel}","templated":true}]}}