{"id":37047,"date":"2025-03-01T20:02:06","date_gmt":"2025-03-01T23:02:06","guid":{"rendered":"https:\/\/revistabife.com\/?p=37047"},"modified":"2025-03-01T20:02:07","modified_gmt":"2025-03-01T23:02:07","slug":"intento-robar-una-casa-sobre-la-calle-varela-lo-sorprendieron-y-termino-detenido","status":"publish","type":"post","link":"https:\/\/revistabife.com\/index.php\/2025\/03\/01\/intento-robar-una-casa-sobre-la-calle-varela-lo-sorprendieron-y-termino-detenido\/","title":{"rendered":"Intent\u00f3 robar una casa sobre la calle Varela, lo sorprendieron y termin\u00f3 detenido"},"content":{"rendered":"\n<p class=\"has-medium-font-size\">Un hombre fue detenido esta ma\u00f1ana luego de intentar robar en una vivienda de la calle Varela, en Santa Rosa. La due\u00f1a de casa lo sorprendi\u00f3 dentro de su domicilio y logr\u00f3 ahuyentarlo antes de que pudiera llevarse algo.<\/p>\n\n\n\n<p class=\"has-medium-font-size\">El delincuente, con antecedentes por robos, hab\u00eda forzado la cerradura de una puerta balc\u00f3n para ingresar. Seg\u00fan relat\u00f3 la v\u00edctima a la polic\u00eda, cuando lo descubri\u00f3, el intruso estaba con el torso desnudo.<\/p>\n\n\n\n<p class=\"has-medium-font-size\">Tras la denuncia, efectivos de la Seccional Sexta montaron un operativo y lograron detenerlo a cuatro cuadras del lugar. Qued\u00f3 alojado en la comisar\u00eda, acusado de tentativa de robo y a disposici\u00f3n de la Fiscal\u00eda.<\/p>\n","protected":false},"excerpt":{"rendered":"<p>Un hombre fue detenido esta ma\u00f1ana luego de intentar robar en una vivienda de la<\/p>\n","protected":false},"author":1,"featured_media":37048,"comment_status":"closed","ping_status":"open","sticky":false,"template":"","format":"standard","meta":{"om_disable_all_campaigns":false,"_monsterinsights_skip_tracking":false,"_monsterinsights_sitenote_active":false,"_monsterinsights_sitenote_note":"","_monsterinsights_sitenote_category":0,"_uf_show_specific_survey":0,"_uf_disable_surveys":false,"footnotes":""},"categories":[32,1913],"tags":[],"class_list":["post-37047","post","type-post","status-publish","format-standard","has-post-thumbnail","hentry","category-actualidad","category-porvinciales"],"aioseo_notices":[],"_links":{"self":[{"href":"https:\/\/revistabife.com\/index.php\/wp-json\/wp\/v2\/posts\/37047"}],"collection":[{"href":"https:\/\/revistabife.com\/index.php\/wp-json\/wp\/v2\/posts"}],"about":[{"href":"https:\/\/revistabife.com\/index.php\/wp-json\/wp\/v2\/types\/post"}],"author":[{"embeddable":true,"href":"https:\/\/revistabife.com\/index.php\/wp-json\/wp\/v2\/users\/1"}],"replies":[{"embeddable":true,"href":"https:\/\/revistabife.com\/index.php\/wp-json\/wp\/v2\/comments?post=37047"}],"version-history":[{"count":1,"href":"https:\/\/revistabife.com\/index.php\/wp-json\/wp\/v2\/posts\/37047\/revisions"}],"predecessor-version":[{"id":37049,"href":"https:\/\/revistabife.com\/index.php\/wp-json\/wp\/v2\/posts\/37047\/revisions\/37049"}],"wp:featuredmedia":[{"embeddable":true,"href":"https:\/\/revistabife.com\/index.php\/wp-json\/wp\/v2\/media\/37048"}],"wp:attachment":[{"href":"https:\/\/revistabife.com\/index.php\/wp-json\/wp\/v2\/media?parent=37047"}],"wp:term":[{"taxonomy":"category","embeddable":true,"href":"https:\/\/revistabife.com\/index.php\/wp-json\/wp\/v2\/categories?post=37047"},{"taxonomy":"post_tag","embeddable":true,"href":"https:\/\/revistabife.com\/index.php\/wp-json\/wp\/v2\/tags?post=37047"}],"curies":[{"name":"wp","href":"https:\/\/api.w.org\/{rel}","templated":true}]}}