{"id":37033,"date":"2025-02-27T13:01:47","date_gmt":"2025-02-27T16:01:47","guid":{"rendered":"https:\/\/revistabife.com\/?p=37033"},"modified":"2025-02-27T13:01:48","modified_gmt":"2025-02-27T16:01:48","slug":"nuevos-horarios-de-la-cpe","status":"publish","type":"post","link":"https:\/\/revistabife.com\/index.php\/2025\/02\/27\/nuevos-horarios-de-la-cpe\/","title":{"rendered":"Nuevos horarios de la CPE"},"content":{"rendered":"\n<p>La CPE inform\u00f3 que desde el mi\u00e9rcoles 5 de marzo, el horario de atenci\u00f3n para tr\u00e1mites presenciales vinculados con las \u00e1reas de<strong>\u00a0Energ\u00eda y de Telecomunicaciones<\/strong>\u00a0ser\u00e1 en todas sus sedes de Santa Rosa,<strong>\u00a0de lunes a viernes, de 7:30 a 13:30 horas<\/strong>. <\/p>\n\n\n\n<p>Estos horarios estar\u00e1n vigentes durante el periodo que va de marzo a noviembre, tambi\u00e9n en las localidades interconectadas, exceptuando Catril\u00f3, donde la atenci\u00f3n para los tr\u00e1mites de Energ\u00eda ser\u00e1 entre las 7:00 y las 18:00 y para Telecomunicaciones, de 7:30 a 11:00 y de 14:00 18:00 hs, siempre de lunes a viernes. <\/p>\n\n\n\n<p>Ambos servicios cuentan con el\u00a0<strong>Whatsapp 2954744047\u00a0<\/strong>para consultas y gesti\u00f3n de tr\u00e1mites administrativos.<br><\/p>\n","protected":false},"excerpt":{"rendered":"<p>La CPE inform\u00f3 que desde el mi\u00e9rcoles 5 de marzo, el horario de atenci\u00f3n para<\/p>\n","protected":false},"author":1,"featured_media":34465,"comment_status":"closed","ping_status":"open","sticky":false,"template":"","format":"standard","meta":{"om_disable_all_campaigns":false,"_monsterinsights_skip_tracking":false,"_monsterinsights_sitenote_active":false,"_monsterinsights_sitenote_note":"","_monsterinsights_sitenote_category":0,"_uf_show_specific_survey":0,"_uf_disable_surveys":false,"footnotes":""},"categories":[32,1913],"tags":[],"class_list":["post-37033","post","type-post","status-publish","format-standard","has-post-thumbnail","hentry","category-actualidad","category-porvinciales"],"aioseo_notices":[],"_links":{"self":[{"href":"https:\/\/revistabife.com\/index.php\/wp-json\/wp\/v2\/posts\/37033"}],"collection":[{"href":"https:\/\/revistabife.com\/index.php\/wp-json\/wp\/v2\/posts"}],"about":[{"href":"https:\/\/revistabife.com\/index.php\/wp-json\/wp\/v2\/types\/post"}],"author":[{"embeddable":true,"href":"https:\/\/revistabife.com\/index.php\/wp-json\/wp\/v2\/users\/1"}],"replies":[{"embeddable":true,"href":"https:\/\/revistabife.com\/index.php\/wp-json\/wp\/v2\/comments?post=37033"}],"version-history":[{"count":1,"href":"https:\/\/revistabife.com\/index.php\/wp-json\/wp\/v2\/posts\/37033\/revisions"}],"predecessor-version":[{"id":37034,"href":"https:\/\/revistabife.com\/index.php\/wp-json\/wp\/v2\/posts\/37033\/revisions\/37034"}],"wp:featuredmedia":[{"embeddable":true,"href":"https:\/\/revistabife.com\/index.php\/wp-json\/wp\/v2\/media\/34465"}],"wp:attachment":[{"href":"https:\/\/revistabife.com\/index.php\/wp-json\/wp\/v2\/media?parent=37033"}],"wp:term":[{"taxonomy":"category","embeddable":true,"href":"https:\/\/revistabife.com\/index.php\/wp-json\/wp\/v2\/categories?post=37033"},{"taxonomy":"post_tag","embeddable":true,"href":"https:\/\/revistabife.com\/index.php\/wp-json\/wp\/v2\/tags?post=37033"}],"curies":[{"name":"wp","href":"https:\/\/api.w.org\/{rel}","templated":true}]}}