{"id":36980,"date":"2025-02-14T10:56:58","date_gmt":"2025-02-14T13:56:58","guid":{"rendered":"https:\/\/revistabife.com\/?p=36980"},"modified":"2025-02-14T10:56:59","modified_gmt":"2025-02-14T13:56:59","slug":"pudo-terminar-en-tragedia-un-hombre-alcoholizado-prendio-fuego-su-propia-casa-paso-en-santa-rosa","status":"publish","type":"post","link":"https:\/\/revistabife.com\/index.php\/2025\/02\/14\/pudo-terminar-en-tragedia-un-hombre-alcoholizado-prendio-fuego-su-propia-casa-paso-en-santa-rosa\/","title":{"rendered":"Pudo terminar en tragedia: Un hombre alcoholizado prendi\u00f3 fuego su propia casa; pas\u00f3 en Santa Rosa"},"content":{"rendered":"\n<p>Un incendio de grandes proporciones se desat\u00f3 anoche en una vivienda ubicada en la calle Stieben al 800. El hecho, que comenz\u00f3 alrededor de las 22:15, moviliz\u00f3 a la polic\u00eda y a los bomberos, quienes al llegar al lugar encontraron una densa humareda saliendo desde la parte trasera del inmueble.<\/p>\n\n\n\n<p>BIFE pudo saber a trav\u00e9s de fuentes policiales, que al arribar al lugar, los efectivos se toparon con un tumulto de personas en la v\u00eda p\u00fablica y con el propietario de la vivienda, un hombre de 54 a\u00f1os, visiblemente exaltado. Seg\u00fan relat\u00f3 su hijo, el sujeto habr\u00eda iniciado el incendio prendiendo fuego un colch\u00f3n dentro de la casa, lo que provoc\u00f3 la destrucci\u00f3n total de la parte del inmueble que \u00e9l ocupaba.<\/p>\n\n\n\n<h3 class=\"wp-block-heading\"><strong>Un conflicto familiar detr\u00e1s del fuego<\/strong><\/h3>\n\n\n\n<p>El hijo del detenido, de 21 a\u00f1os, reside en el mismo terreno pero en una construcci\u00f3n separada. &#8220;Las primeras declaraciones recabadas apuntan a que el incendio pudo haberse originado en el marco de un conflicto familiar de larga data&#8221;, indic\u00f3 a BIFE una fuente de la Seccional Segunda.<\/p>\n\n\n\n<p>Los bomberos lograron sofocar las llamas, pero el da\u00f1o ya estaba hecho: la vivienda del hombre qued\u00f3 completamente destruida, con p\u00e9rdidas totales en el mobiliario y da\u00f1os estructurales severos. Por su parte, la casa de su hijo, aunque no sufri\u00f3 la acci\u00f3n directa del fuego, qued\u00f3 impregnada de humo en su totalidad.<\/p>\n\n\n\n<h3 class=\"wp-block-heading\"><strong>El responsable, detenido y a disposici\u00f3n de la justicia<\/strong><\/h3>\n\n\n\n<p>Tras ser reducido por la polic\u00eda, el hombre de 54 a\u00f1os fue demorado y trasladado a la comisar\u00eda. Horas m\u00e1s tarde, fue notificado de su detenci\u00f3n y qued\u00f3 a disposici\u00f3n de la Fiscal\u00eda de Propiedad, que intervendr\u00e1 en el caso. Se espera que en el transcurso de la ma\u00f1ana sea formalizado ante la justicia por los hechos ocurridos.<\/p>\n\n\n\n<p><\/p>\n","protected":false},"excerpt":{"rendered":"<p>Un incendio de grandes proporciones se desat\u00f3 anoche en una vivienda ubicada en la calle<\/p>\n","protected":false},"author":1,"featured_media":36982,"comment_status":"closed","ping_status":"open","sticky":false,"template":"","format":"standard","meta":{"om_disable_all_campaigns":false,"_monsterinsights_skip_tracking":false,"_monsterinsights_sitenote_active":false,"_monsterinsights_sitenote_note":"","_monsterinsights_sitenote_category":0,"_uf_show_specific_survey":0,"_uf_disable_surveys":false,"footnotes":""},"categories":[32,1913],"tags":[],"class_list":["post-36980","post","type-post","status-publish","format-standard","has-post-thumbnail","hentry","category-actualidad","category-porvinciales"],"aioseo_notices":[],"_links":{"self":[{"href":"https:\/\/revistabife.com\/index.php\/wp-json\/wp\/v2\/posts\/36980"}],"collection":[{"href":"https:\/\/revistabife.com\/index.php\/wp-json\/wp\/v2\/posts"}],"about":[{"href":"https:\/\/revistabife.com\/index.php\/wp-json\/wp\/v2\/types\/post"}],"author":[{"embeddable":true,"href":"https:\/\/revistabife.com\/index.php\/wp-json\/wp\/v2\/users\/1"}],"replies":[{"embeddable":true,"href":"https:\/\/revistabife.com\/index.php\/wp-json\/wp\/v2\/comments?post=36980"}],"version-history":[{"count":1,"href":"https:\/\/revistabife.com\/index.php\/wp-json\/wp\/v2\/posts\/36980\/revisions"}],"predecessor-version":[{"id":36983,"href":"https:\/\/revistabife.com\/index.php\/wp-json\/wp\/v2\/posts\/36980\/revisions\/36983"}],"wp:featuredmedia":[{"embeddable":true,"href":"https:\/\/revistabife.com\/index.php\/wp-json\/wp\/v2\/media\/36982"}],"wp:attachment":[{"href":"https:\/\/revistabife.com\/index.php\/wp-json\/wp\/v2\/media?parent=36980"}],"wp:term":[{"taxonomy":"category","embeddable":true,"href":"https:\/\/revistabife.com\/index.php\/wp-json\/wp\/v2\/categories?post=36980"},{"taxonomy":"post_tag","embeddable":true,"href":"https:\/\/revistabife.com\/index.php\/wp-json\/wp\/v2\/tags?post=36980"}],"curies":[{"name":"wp","href":"https:\/\/api.w.org\/{rel}","templated":true}]}}