{"id":36677,"date":"2024-12-12T20:05:27","date_gmt":"2024-12-12T23:05:27","guid":{"rendered":"https:\/\/revistabife.com\/?p=36677"},"modified":"2024-12-12T20:05:28","modified_gmt":"2024-12-12T23:05:28","slug":"pospusieron-una-vez-mas-la-audiencia-para-definir-la-situacion-habitacional-de-melanie-la-companera-de-antonella-y-se-suma-a-la-lista-de-maltratos-que-viene-sufriendo","status":"publish","type":"post","link":"https:\/\/revistabife.com\/index.php\/2024\/12\/12\/pospusieron-una-vez-mas-la-audiencia-para-definir-la-situacion-habitacional-de-melanie-la-companera-de-antonella-y-se-suma-a-la-lista-de-maltratos-que-viene-sufriendo\/","title":{"rendered":"Pospusieron una vez m\u00e1s la audiencia para definir la situaci\u00f3n habitacional de Melanie, la compa\u00f1era de Antonella, y se suma a la lista de maltratos que viene sufriendo"},"content":{"rendered":"\n<p class=\"has-medium-font-size\">Hoy se escribi\u00f3 una p\u00e1gina m\u00e1s del libro de maltratos que viene padeciendo desde junio Melanie L\u00f3pez por parte del municipio de Toay y el Poder Judicial.<\/p>\n\n\n\n<p class=\"has-medium-font-size\">Este organismo le notific\u00f3 nuevamente que reprogram\u00f3 al 26 de diciembre la audiencia que estaba fijada para el 19, para definir su situaci\u00f3n habitacional tras la denuncia penal por usurpaci\u00f3n que le realiz\u00f3 el gobierno de dicha localidad.<\/p>\n\n\n\n<p class=\"has-medium-font-size\">Es la cuarta vez que Melanie, la madre que junto a Antonella Villalba (fallecida el domingo) ocuparon dos precarias casas, es informada de que la audiencia &#8220;ha cambiado de fecha&#8221; sin que se especifique el motivo.<\/p>\n\n\n\n<p class=\"has-medium-font-size\">Esto provoca un desgaste mental que se suma a todo lo que ha padecido desde que qued\u00f3 en situaci\u00f3n de calle y decidi\u00f3 ocupar la vivienda: corte de los servicios b\u00e1sicos, acoso policial, amenaza con la perdida de tenencia de su hija y la muerte de su compa\u00f1era por -seg\u00fan advierte- el abandono de la sociedad, el Estado y el contexto de violencia de g\u00e9nero en el que estaba inmerso.<\/p>\n\n\n\n<p class=\"has-medium-font-size\">\u201cTengo mucho miedo de lo que nos puede pasar a m\u00ed y a m\u00ed hija\u201d, dice Melanie en contacto con Bife. \u201cDesde que Anto muri\u00f3 no me llamaron, nadie se solidariz\u00f3, no les import\u00f3 lo que le ocurri\u00f3 a mi amiga. Siguen decididos a desalojarnos a m\u00ed y a m\u00ed nena\u201d.<\/p>\n\n\n\n<p class=\"has-medium-font-size\">El domingo pasado Antonella Villalba falleci\u00f3 en un confuso episodio que se sigue investigando. Ese mismo d\u00eda, el intendente de Toay, Ariel Rojas, se mostraba en sus redes sociales encendiendo las luces navide\u00f1as en su ciudad.<\/p>\n\n\n\n<p class=\"has-medium-font-size\">Un d\u00eda despu\u00e9s, mientras daba un discurso frente a jubilados que se manifestaban ante una oficina del PAMI, trabajadores municipales se dispon\u00edan a soldar las ventanas y la puerta donde vivi\u00f3 Antonella sus \u00faltimos 6 meses de vida.<\/p>\n\n\n\n<p class=\"has-medium-font-size\">Estos comportamientos, sumado a la indiferencia de los organismos destinados a la contenci\u00f3n social, hacen suponer a la joven madre de que su futuro inmediato habitacional es poco prometedor.<\/p>\n","protected":false},"excerpt":{"rendered":"<p>Hoy se escribi\u00f3 una p\u00e1gina m\u00e1s del libro de maltratos que viene padeciendo desde junio<\/p>\n","protected":false},"author":1,"featured_media":36678,"comment_status":"closed","ping_status":"open","sticky":false,"template":"","format":"standard","meta":{"om_disable_all_campaigns":false,"_monsterinsights_skip_tracking":false,"_monsterinsights_sitenote_active":false,"_monsterinsights_sitenote_note":"","_monsterinsights_sitenote_category":0,"_uf_show_specific_survey":0,"_uf_disable_surveys":false,"footnotes":""},"categories":[32,1913],"tags":[],"class_list":["post-36677","post","type-post","status-publish","format-standard","has-post-thumbnail","hentry","category-actualidad","category-porvinciales"],"aioseo_notices":[],"_links":{"self":[{"href":"https:\/\/revistabife.com\/index.php\/wp-json\/wp\/v2\/posts\/36677"}],"collection":[{"href":"https:\/\/revistabife.com\/index.php\/wp-json\/wp\/v2\/posts"}],"about":[{"href":"https:\/\/revistabife.com\/index.php\/wp-json\/wp\/v2\/types\/post"}],"author":[{"embeddable":true,"href":"https:\/\/revistabife.com\/index.php\/wp-json\/wp\/v2\/users\/1"}],"replies":[{"embeddable":true,"href":"https:\/\/revistabife.com\/index.php\/wp-json\/wp\/v2\/comments?post=36677"}],"version-history":[{"count":1,"href":"https:\/\/revistabife.com\/index.php\/wp-json\/wp\/v2\/posts\/36677\/revisions"}],"predecessor-version":[{"id":36679,"href":"https:\/\/revistabife.com\/index.php\/wp-json\/wp\/v2\/posts\/36677\/revisions\/36679"}],"wp:featuredmedia":[{"embeddable":true,"href":"https:\/\/revistabife.com\/index.php\/wp-json\/wp\/v2\/media\/36678"}],"wp:attachment":[{"href":"https:\/\/revistabife.com\/index.php\/wp-json\/wp\/v2\/media?parent=36677"}],"wp:term":[{"taxonomy":"category","embeddable":true,"href":"https:\/\/revistabife.com\/index.php\/wp-json\/wp\/v2\/categories?post=36677"},{"taxonomy":"post_tag","embeddable":true,"href":"https:\/\/revistabife.com\/index.php\/wp-json\/wp\/v2\/tags?post=36677"}],"curies":[{"name":"wp","href":"https:\/\/api.w.org\/{rel}","templated":true}]}}