{"id":36661,"date":"2024-12-12T10:57:13","date_gmt":"2024-12-12T13:57:13","guid":{"rendered":"https:\/\/revistabife.com\/?p=36661"},"modified":"2024-12-12T10:57:14","modified_gmt":"2024-12-12T13:57:14","slug":"policia-con-ladrillazo-en-la-cabeza-y-peleas-masivas-siguen-las-repercusiones-por-el-festival-de-calles","status":"publish","type":"post","link":"https:\/\/revistabife.com\/index.php\/2024\/12\/12\/policia-con-ladrillazo-en-la-cabeza-y-peleas-masivas-siguen-las-repercusiones-por-el-festival-de-calles\/","title":{"rendered":"Polic\u00eda con ladrillazo en la cabeza y peleas masivas: siguen las repercusiones por el Festival de Calles"},"content":{"rendered":"\n<p class=\"has-medium-font-size\">La segunda jornada de la sexta edici\u00f3n del Festival de Calles se vio nuevamente empa\u00f1ada por disturbios. Durante los enfrentamientos registrados anoche, un polic\u00eda de la Brigada de Investigaciones sufri\u00f3 heridas tras recibir un ladrillazo en la cabeza y otros golpes en diferentes partes del cuerpo. Adem\u00e1s, en un episodio separado, se incaut\u00f3 un cuchillo a un joven involucrado en una pelea.<\/p>\n\n\n\n<p class=\"has-medium-font-size\">Uno de los incidentes m\u00e1s destacados tuvo lugar en la Rotonda de Casa de Gobierno, frente al kiosco &#8220;Burgui&#8221;. Polic\u00edas que prestaban servicio adicional solicitaron refuerzos cuando un joven, que hab\u00eda iniciado una pelea a golpes de pu\u00f1o y provocado disturbios entre los asistentes, se resisti\u00f3 al control.<\/p>\n\n\n\n<p class=\"has-medium-font-size\">En otro episodio, ocurrido en la intersecci\u00f3n de las calles Urquiza e Irigoyen, se desat\u00f3 una pelea masiva entre j\u00f3venes. Uno de los involucrados, identificado por llevar un buzo rosa, fue detenido tras una persecuci\u00f3n. Durante el operativo, se le secuestr\u00f3 un cuchillo con hoja lisa y mango de madera, y se constat\u00f3 que ten\u00eda 1,17 gramos de alcohol en sangre.<\/p>\n\n\n\n<p class=\"has-medium-font-size\">El hecho m\u00e1s grave de la noche sucedi\u00f3 sobre avenida Luro, entre Mitre y Corrientes. Dos grupos de menores, conformados por aproximadamente 15 personas, se enfrentaron arrojando piedras. En este contexto, el oficial Rodr\u00edguez, de la Brigada de Investigaciones, result\u00f3 herido en la cabeza, con un sangrado visible en el cuero cabelludo. Otro agente, identificado como Chamorro, tambi\u00e9n fue alcanzado por proyectiles, sufriendo golpes en el antebrazo derecho, la pierna derecha y la espalda.<\/p>\n\n\n\n<p class=\"has-medium-font-size\">Estos episodios reflejan una escalada de violencia en el marco del festival, poniendo en alerta a las autoridades y a la comunidad.<\/p>\n","protected":false},"excerpt":{"rendered":"<p>La segunda jornada de la sexta edici\u00f3n del Festival de Calles se vio nuevamente empa\u00f1ada<\/p>\n","protected":false},"author":1,"featured_media":36662,"comment_status":"closed","ping_status":"open","sticky":false,"template":"","format":"standard","meta":{"om_disable_all_campaigns":false,"_monsterinsights_skip_tracking":false,"_monsterinsights_sitenote_active":false,"_monsterinsights_sitenote_note":"","_monsterinsights_sitenote_category":0,"_uf_show_specific_survey":0,"_uf_disable_surveys":false,"footnotes":""},"categories":[32,1913],"tags":[],"class_list":["post-36661","post","type-post","status-publish","format-standard","has-post-thumbnail","hentry","category-actualidad","category-porvinciales"],"aioseo_notices":[],"_links":{"self":[{"href":"https:\/\/revistabife.com\/index.php\/wp-json\/wp\/v2\/posts\/36661"}],"collection":[{"href":"https:\/\/revistabife.com\/index.php\/wp-json\/wp\/v2\/posts"}],"about":[{"href":"https:\/\/revistabife.com\/index.php\/wp-json\/wp\/v2\/types\/post"}],"author":[{"embeddable":true,"href":"https:\/\/revistabife.com\/index.php\/wp-json\/wp\/v2\/users\/1"}],"replies":[{"embeddable":true,"href":"https:\/\/revistabife.com\/index.php\/wp-json\/wp\/v2\/comments?post=36661"}],"version-history":[{"count":1,"href":"https:\/\/revistabife.com\/index.php\/wp-json\/wp\/v2\/posts\/36661\/revisions"}],"predecessor-version":[{"id":36663,"href":"https:\/\/revistabife.com\/index.php\/wp-json\/wp\/v2\/posts\/36661\/revisions\/36663"}],"wp:featuredmedia":[{"embeddable":true,"href":"https:\/\/revistabife.com\/index.php\/wp-json\/wp\/v2\/media\/36662"}],"wp:attachment":[{"href":"https:\/\/revistabife.com\/index.php\/wp-json\/wp\/v2\/media?parent=36661"}],"wp:term":[{"taxonomy":"category","embeddable":true,"href":"https:\/\/revistabife.com\/index.php\/wp-json\/wp\/v2\/categories?post=36661"},{"taxonomy":"post_tag","embeddable":true,"href":"https:\/\/revistabife.com\/index.php\/wp-json\/wp\/v2\/tags?post=36661"}],"curies":[{"name":"wp","href":"https:\/\/api.w.org\/{rel}","templated":true}]}}