{"id":36361,"date":"2024-11-11T11:38:42","date_gmt":"2024-11-11T14:38:42","guid":{"rendered":"https:\/\/revistabife.com\/?p=36361"},"modified":"2024-11-11T11:38:43","modified_gmt":"2024-11-11T14:38:43","slug":"santa-rosa-vecinos-discutieron-porque-el-perro-de-uno-de-ellos-defecaba-en-la-vereda-del-otro-el-dueno-del-can-saco-un-arma-de-fuego","status":"publish","type":"post","link":"https:\/\/revistabife.com\/index.php\/2024\/11\/11\/santa-rosa-vecinos-discutieron-porque-el-perro-de-uno-de-ellos-defecaba-en-la-vereda-del-otro-el-dueno-del-can-saco-un-arma-de-fuego\/","title":{"rendered":"Santa Rosa: Vecinos discutieron porque el perro de uno de ellos defecaba en la vereda del otro; el due\u00f1o del can sac\u00f3 un arma de fuego"},"content":{"rendered":"\n<p>En la noche de ayer, un conflicto vecinal en Trenel al 1500 motiv\u00f3 la intervenci\u00f3n policial luego de que, alrededor de las 23:40, se advirtieran disturbios en la zona.<\/p>\n\n\n\n<p>Seg\u00fan la informaci\u00f3n a la que accedi\u00f3 BIFE a trav\u00e9s de fuentes policiales, la situaci\u00f3n escal\u00f3 cuando, al llegar un m\u00f3vil policial a las 00:08, uno de los vecinos se\u00f1al\u00f3 que otro implicado en la disputa pose\u00eda un arma de fuego.<\/p>\n\n\n\n<p>Instantes despu\u00e9s, a las 00:17, la esposa del hombre se\u00f1alado abandon\u00f3 la escena en una moto, lo que llev\u00f3 a la polic\u00eda a interceptarla y trasladarla a la comisar\u00eda para tomar declaraci\u00f3n.<\/p>\n\n\n\n<p>M\u00e1s tarde, el personal regres\u00f3 a la vivienda con la intenci\u00f3n de ubicar al hombre, quien intent\u00f3 evadirlos fug\u00e1ndose a trav\u00e9s de los patios de las viviendas cercanas.<\/p>\n\n\n\n<p>&#8220;Aproximadamente a las 00:38, el hombre de unos 20 a\u00f1os se present\u00f3 de forma voluntaria en la comisar\u00eda, donde qued\u00f3 detenido e inici\u00f3 su declaraci\u00f3n&#8221;, cont\u00f3 a BIFE una de las fuentes.<\/p>\n\n\n\n<p>A su vez, BIFE pudo constatar que el conflicto se origin\u00f3 porque el perro del joven, presunto poseedor del arma, defecaba en al vereda del vecino.<\/p>\n\n\n\n<p>El muchacho no cuenta con antecedentes, y actualmente est\u00e1 siendo indagado por la supuesta tenencia de un arma de fuego, la cual no fue localizada durante la intervenci\u00f3n.<\/p>\n\n\n\n<p>La mujer, en tanto, fue liberada y no qued\u00f3 bajo arresto.<\/p>\n","protected":false},"excerpt":{"rendered":"<p>En la noche de ayer, un conflicto vecinal en Trenel al 1500 motiv\u00f3 la intervenci\u00f3n<\/p>\n","protected":false},"author":1,"featured_media":36362,"comment_status":"closed","ping_status":"open","sticky":false,"template":"","format":"standard","meta":{"om_disable_all_campaigns":false,"_monsterinsights_skip_tracking":false,"_monsterinsights_sitenote_active":false,"_monsterinsights_sitenote_note":"","_monsterinsights_sitenote_category":0,"_uf_show_specific_survey":0,"_uf_disable_surveys":false,"footnotes":""},"categories":[32,1913],"tags":[],"class_list":["post-36361","post","type-post","status-publish","format-standard","has-post-thumbnail","hentry","category-actualidad","category-porvinciales"],"aioseo_notices":[],"_links":{"self":[{"href":"https:\/\/revistabife.com\/index.php\/wp-json\/wp\/v2\/posts\/36361"}],"collection":[{"href":"https:\/\/revistabife.com\/index.php\/wp-json\/wp\/v2\/posts"}],"about":[{"href":"https:\/\/revistabife.com\/index.php\/wp-json\/wp\/v2\/types\/post"}],"author":[{"embeddable":true,"href":"https:\/\/revistabife.com\/index.php\/wp-json\/wp\/v2\/users\/1"}],"replies":[{"embeddable":true,"href":"https:\/\/revistabife.com\/index.php\/wp-json\/wp\/v2\/comments?post=36361"}],"version-history":[{"count":1,"href":"https:\/\/revistabife.com\/index.php\/wp-json\/wp\/v2\/posts\/36361\/revisions"}],"predecessor-version":[{"id":36363,"href":"https:\/\/revistabife.com\/index.php\/wp-json\/wp\/v2\/posts\/36361\/revisions\/36363"}],"wp:featuredmedia":[{"embeddable":true,"href":"https:\/\/revistabife.com\/index.php\/wp-json\/wp\/v2\/media\/36362"}],"wp:attachment":[{"href":"https:\/\/revistabife.com\/index.php\/wp-json\/wp\/v2\/media?parent=36361"}],"wp:term":[{"taxonomy":"category","embeddable":true,"href":"https:\/\/revistabife.com\/index.php\/wp-json\/wp\/v2\/categories?post=36361"},{"taxonomy":"post_tag","embeddable":true,"href":"https:\/\/revistabife.com\/index.php\/wp-json\/wp\/v2\/tags?post=36361"}],"curies":[{"name":"wp","href":"https:\/\/api.w.org\/{rel}","templated":true}]}}