{"id":36358,"date":"2024-11-11T09:53:05","date_gmt":"2024-11-11T12:53:05","guid":{"rendered":"https:\/\/revistabife.com\/?p=36358"},"modified":"2024-11-11T09:53:06","modified_gmt":"2024-11-11T12:53:06","slug":"desesperacion-en-telen-una-neda-de-tres-anos-estuvo-perdida-cuatro-horas-en-un-campo-y-fue-encontrada-por-un-dron","status":"publish","type":"post","link":"https:\/\/revistabife.com\/index.php\/2024\/11\/11\/desesperacion-en-telen-una-neda-de-tres-anos-estuvo-perdida-cuatro-horas-en-un-campo-y-fue-encontrada-por-un-dron\/","title":{"rendered":"Desesperaci\u00f3n en Tel\u00e9n: Una neda de tres a\u00f1os estuvo perdida cuatro horas en un campo y fue encontrada por un dron"},"content":{"rendered":"\n<p>Fue alrededor de las 14 horas de este domingo cuando la peque\u00f1a de tres a\u00f1os, que hab\u00eda estado jugando con sus hermanos en un campo cercano a Tel\u00e9n, fue reportada como desaparecida por su propia familia.<\/p>\n\n\n\n<p>Seg\u00fan explic\u00f3 el Jefe de Polic\u00eda, Claudio Cano, \u201cla encontramos a unos 4.000 metros de donde hab\u00eda estado jugando. Todo fue gracias a la tecnolog\u00eda\u2026 vamos por m\u00e1s, vamos a seguir invirtiendo y capacitando\u201d.<\/p>\n\n\n\n<p>El operativo desplegado fue de gran magnitud. Intervinieron efectivos de la Brigada de Investigaciones, de la Secci\u00f3n Canes, patrullas rurales de las inmediaciones, 30 cadetes del Instituto Policial y otras \u00e1reas de la Fuerza pampeana. El ministro de Seguridad, Horacio di N\u00e1poli, tambi\u00e9n se hizo presente en el lugar para supervisar las tareas de b\u00fasqueda.<\/p>\n\n\n\n<p>Fue cerca de las 18 horas cuando, durante uno de los rastrillajes, un dron detect\u00f3 la presencia de la ni\u00f1a en una picada. Inmediatamente, se envi\u00f3 la alerta y los efectivos lograron llegar hasta ella.<\/p>\n\n\n\n<p>Afortunadamente, la encontraron sana, aunque con signos de leve deshidrataci\u00f3n, peque\u00f1as lesiones en las piernas por la vegetaci\u00f3n y visiblemente asustada, seg\u00fan inform\u00f3 el comisario Cano.<\/p>\n\n\n\n<p>Una ambulancia del Hospital de Victorica asisti\u00f3 a la menor en el lugar, traslad\u00e1ndola luego para quedar en observaci\u00f3n como medida preventiva.<\/p>\n\n\n\n<p>Un rescate minucioso<\/p>\n\n\n\n<p>Entre los rescatistas estuvo Franco Ortiz, un enfermero de Victorica, quien voluntariamente descendi\u00f3 a un pozo de 90 metros en la zona de b\u00fasqueda, donde no encontr\u00f3 rastro de la ni\u00f1a. La b\u00fasqueda continu\u00f3, y el esfuerzo de todos se reflej\u00f3 en cada operativo. Incluso se desplegaron controles en las rutas para verificar cada veh\u00edculo que ingresaba o sal\u00eda de la provincia, con el objetivo de descartar cualquier otra hip\u00f3tesis.<\/p>\n","protected":false},"excerpt":{"rendered":"<p>Fue alrededor de las 14 horas de este domingo cuando la peque\u00f1a de tres a\u00f1os,<\/p>\n","protected":false},"author":1,"featured_media":36359,"comment_status":"closed","ping_status":"open","sticky":false,"template":"","format":"standard","meta":{"om_disable_all_campaigns":false,"_monsterinsights_skip_tracking":false,"_monsterinsights_sitenote_active":false,"_monsterinsights_sitenote_note":"","_monsterinsights_sitenote_category":0,"_uf_show_specific_survey":0,"_uf_disable_surveys":false,"footnotes":""},"categories":[32,1913],"tags":[],"class_list":["post-36358","post","type-post","status-publish","format-standard","has-post-thumbnail","hentry","category-actualidad","category-porvinciales"],"aioseo_notices":[],"_links":{"self":[{"href":"https:\/\/revistabife.com\/index.php\/wp-json\/wp\/v2\/posts\/36358"}],"collection":[{"href":"https:\/\/revistabife.com\/index.php\/wp-json\/wp\/v2\/posts"}],"about":[{"href":"https:\/\/revistabife.com\/index.php\/wp-json\/wp\/v2\/types\/post"}],"author":[{"embeddable":true,"href":"https:\/\/revistabife.com\/index.php\/wp-json\/wp\/v2\/users\/1"}],"replies":[{"embeddable":true,"href":"https:\/\/revistabife.com\/index.php\/wp-json\/wp\/v2\/comments?post=36358"}],"version-history":[{"count":1,"href":"https:\/\/revistabife.com\/index.php\/wp-json\/wp\/v2\/posts\/36358\/revisions"}],"predecessor-version":[{"id":36360,"href":"https:\/\/revistabife.com\/index.php\/wp-json\/wp\/v2\/posts\/36358\/revisions\/36360"}],"wp:featuredmedia":[{"embeddable":true,"href":"https:\/\/revistabife.com\/index.php\/wp-json\/wp\/v2\/media\/36359"}],"wp:attachment":[{"href":"https:\/\/revistabife.com\/index.php\/wp-json\/wp\/v2\/media?parent=36358"}],"wp:term":[{"taxonomy":"category","embeddable":true,"href":"https:\/\/revistabife.com\/index.php\/wp-json\/wp\/v2\/categories?post=36358"},{"taxonomy":"post_tag","embeddable":true,"href":"https:\/\/revistabife.com\/index.php\/wp-json\/wp\/v2\/tags?post=36358"}],"curies":[{"name":"wp","href":"https:\/\/api.w.org\/{rel}","templated":true}]}}