{"id":36351,"date":"2024-11-11T21:13:43","date_gmt":"2024-11-12T00:13:43","guid":{"rendered":"https:\/\/revistabife.com\/?p=36351"},"modified":"2024-11-12T08:52:17","modified_gmt":"2024-11-12T11:52:17","slug":"se-viene-la-edicion-mas-desafiante-del-festival-de-cine-de-general-pico-hicimos-lo-imposible-para-mantener-la-llama","status":"publish","type":"post","link":"https:\/\/revistabife.com\/index.php\/2024\/11\/11\/se-viene-la-edicion-mas-desafiante-del-festival-de-cine-de-general-pico-hicimos-lo-imposible-para-mantener-la-llama\/","title":{"rendered":"Se viene la edici\u00f3n m\u00e1s desafiante del Festival de Cine de General Pico: &#8220;Hicimos lo imposible para mantener viva la llama&#8221;"},"content":{"rendered":"\n<p>Este noviembre, General Pico celebrar\u00e1 la octava edici\u00f3n del ya cl\u00e1sico Festival Nacional de Cine, una propuesta que, en palabras de su presidente Jos\u00e9 Luis Angelucci, \u201ccontin\u00faa con la esencia intacta&#8221;, pese a los desaf\u00edos econ\u00f3micos. El festival se inaugurar\u00e1 el 14 de noviembre en el Cine Teatro Pico y ofrecer\u00e1 proyecciones, actividades educativas y la oportunidad de visibilizar el talento local.<\/p>\n\n\n\n<p>La edici\u00f3n de este a\u00f1o ser\u00e1 especialmente desafiante debido a los recortes de presupuesto, lo que oblig\u00f3 a reestructurar la organizaci\u00f3n, icluso a postergar su fecha. Sin embargo, Angelucci confirma que el esp\u00edritu del evento pemanece intacto. \u201cHicimos todo lo posible e imposible para mantener viva la llama cultural y lo que representa el festival. Es as\u00ed que recibimos un apoyo clave de empresas locales y del Consejo Federal de Inversiones (CFI), que permitieron sostener la programaci\u00f3n\u201d, explic\u00f3 Angelucci, miembro de la Asociaci\u00f3n Italiana y presidente de esta nueva edici\u00f3n del evento cimetogr\u00e1fico.<\/p>\n\n\n\n<figure class=\"wp-block-image size-large\"><img loading=\"lazy\" decoding=\"async\" width=\"1024\" height=\"757\" src=\"https:\/\/revistabife.com\/wp-content\/uploads\/2024\/11\/festtt-1024x757.png\" alt=\"\" class=\"wp-image-36371\" srcset=\"https:\/\/revistabife.com\/wp-content\/uploads\/2024\/11\/festtt-1024x757.png 1024w, https:\/\/revistabife.com\/wp-content\/uploads\/2024\/11\/festtt-300x222.png 300w, https:\/\/revistabife.com\/wp-content\/uploads\/2024\/11\/festtt-768x567.png 768w, https:\/\/revistabife.com\/wp-content\/uploads\/2024\/11\/festtt.png 1080w\" sizes=\"(max-width: 1024px) 100vw, 1024px\" \/><\/figure>\n\n\n\n<p>Este a\u00f1o, el festival contar\u00e1 con una importante representaci\u00f3n de cineastas pampeanos en la secci\u00f3n de cortometrajes, una participaci\u00f3n sin precedentes que el propio Angelucci destac\u00f3: \u201cEs la primera vez que tenemos esta cantidad de realizadores pampeanos en cortos\u201d. Para reconocer este aporte, la C\u00e1mara de Diputados de La Pampa otorgar\u00e1 un premio especial de 250,000 pesos a uno de estos cineastas, seleccionado por un jurado especializado.<\/p>\n\n\n\n<p>La participaci\u00f3n de la comunidad se extiende a la inclusi\u00f3n de actividades educativas, especialmente dirigidas a ni\u00f1os y j\u00f3venes de escuelas locales. Desde abril, el festival ha colaborado con el Ministerio de Educaci\u00f3n para desarrollar el programa <em>Cine de Infancias<\/em>, que este a\u00f1o presentar\u00e1 nueve cortometrajes realizados por ni\u00f1os de cinco a\u00f1os en adelante, motivados por docentes comprometidos con el proyecto. \u201cAlrededor de cinco mil chicos han pasado por la sala durante el a\u00f1o, fortaleciendo el v\u00ednculo entre el cine y la educaci\u00f3n en la ciudad\u201d, se\u00f1al\u00f3 Angelucci.<\/p>\n\n\n\n<figure class=\"wp-block-image size-large\"><img loading=\"lazy\" decoding=\"async\" width=\"1024\" height=\"576\" src=\"https:\/\/revistabife.com\/wp-content\/uploads\/2024\/11\/WhatsApp-Image-2024-11-10-at-16.25.59-1024x576.jpeg\" alt=\"\" class=\"wp-image-36370\" srcset=\"https:\/\/revistabife.com\/wp-content\/uploads\/2024\/11\/WhatsApp-Image-2024-11-10-at-16.25.59-1024x576.jpeg 1024w, https:\/\/revistabife.com\/wp-content\/uploads\/2024\/11\/WhatsApp-Image-2024-11-10-at-16.25.59-300x169.jpeg 300w, https:\/\/revistabife.com\/wp-content\/uploads\/2024\/11\/WhatsApp-Image-2024-11-10-at-16.25.59-768x432.jpeg 768w, https:\/\/revistabife.com\/wp-content\/uploads\/2024\/11\/WhatsApp-Image-2024-11-10-at-16.25.59-1536x864.jpeg 1536w, https:\/\/revistabife.com\/wp-content\/uploads\/2024\/11\/WhatsApp-Image-2024-11-10-at-16.25.59.jpeg 1599w\" sizes=\"(max-width: 1024px) 100vw, 1024px\" \/><\/figure>\n\n\n\n<p>Adem\u00e1s, el festival contar\u00e1 por primera vez con la direcci\u00f3n art\u00edstica de la piquense Ana Contreras, quien ha participado en ediciones anteriores como programadora y ahora asume el desaf\u00edo de liderar el equipo. Contreras ha sumado al staff de la 8va edici\u00f3n a programadores que se han desempa\u00f1ado en dintintos festivales, entre ellos, el Festival Internacional de Cine de Mar del Plata, asegurando una experiencia enriquecedora.<\/p>\n\n\n\n<p>Para cerrar, Angelucci resalta el esfuerzo y la dedicaci\u00f3n del equipo organizador y la Asociaci\u00f3n Italiana, quienes trabajan durante todo el a\u00f1o para hacer posible el evento. La edici\u00f3n de este a\u00f1o no contar\u00e1 con \u201cestrellas\u201d de renombre, pero la presencia de Gabriela Radice, reconocida periodista y referente del cine argentino, engalanar\u00e1 la inauguraci\u00f3n.<\/p>\n\n\n\n<p>El Festival de General Pico sigue as\u00ed reafirm\u00e1ndose como un espacio \u00fanico en el centro del pa\u00eds, con miras a volver en 2025 y consolidarse a\u00fan m\u00e1s en la agenda cultural nacional.<\/p>\n\n\n\n<p><em>Del 14 al 20 de noviembre &#8211; General Pico<\/em><\/p>\n","protected":false},"excerpt":{"rendered":"<p>Este noviembre, General Pico celebrar\u00e1 la octava edici\u00f3n del ya cl\u00e1sico Festival Nacional de Cine,<\/p>\n","protected":false},"author":1,"featured_media":36371,"comment_status":"closed","ping_status":"open","sticky":false,"template":"","format":"standard","meta":{"om_disable_all_campaigns":false,"_monsterinsights_skip_tracking":false,"_monsterinsights_sitenote_active":false,"_monsterinsights_sitenote_note":"","_monsterinsights_sitenote_category":0,"_uf_show_specific_survey":0,"_uf_disable_surveys":false,"footnotes":""},"categories":[32,1913],"tags":[],"class_list":["post-36351","post","type-post","status-publish","format-standard","has-post-thumbnail","hentry","category-actualidad","category-porvinciales"],"aioseo_notices":[],"_links":{"self":[{"href":"https:\/\/revistabife.com\/index.php\/wp-json\/wp\/v2\/posts\/36351"}],"collection":[{"href":"https:\/\/revistabife.com\/index.php\/wp-json\/wp\/v2\/posts"}],"about":[{"href":"https:\/\/revistabife.com\/index.php\/wp-json\/wp\/v2\/types\/post"}],"author":[{"embeddable":true,"href":"https:\/\/revistabife.com\/index.php\/wp-json\/wp\/v2\/users\/1"}],"replies":[{"embeddable":true,"href":"https:\/\/revistabife.com\/index.php\/wp-json\/wp\/v2\/comments?post=36351"}],"version-history":[{"count":5,"href":"https:\/\/revistabife.com\/index.php\/wp-json\/wp\/v2\/posts\/36351\/revisions"}],"predecessor-version":[{"id":36374,"href":"https:\/\/revistabife.com\/index.php\/wp-json\/wp\/v2\/posts\/36351\/revisions\/36374"}],"wp:featuredmedia":[{"embeddable":true,"href":"https:\/\/revistabife.com\/index.php\/wp-json\/wp\/v2\/media\/36371"}],"wp:attachment":[{"href":"https:\/\/revistabife.com\/index.php\/wp-json\/wp\/v2\/media?parent=36351"}],"wp:term":[{"taxonomy":"category","embeddable":true,"href":"https:\/\/revistabife.com\/index.php\/wp-json\/wp\/v2\/categories?post=36351"},{"taxonomy":"post_tag","embeddable":true,"href":"https:\/\/revistabife.com\/index.php\/wp-json\/wp\/v2\/tags?post=36351"}],"curies":[{"name":"wp","href":"https:\/\/api.w.org\/{rel}","templated":true}]}}