{"id":35646,"date":"2024-08-27T10:49:21","date_gmt":"2024-08-27T13:49:21","guid":{"rendered":"https:\/\/revistabife.com\/?p=35646"},"modified":"2024-08-27T10:49:22","modified_gmt":"2024-08-27T13:49:22","slug":"convocan-a-elegir-el-nombre-del-primer-parque-fotovoltaico","status":"publish","type":"post","link":"https:\/\/revistabife.com\/index.php\/2024\/08\/27\/convocan-a-elegir-el-nombre-del-primer-parque-fotovoltaico\/","title":{"rendered":"Convocan a elegir el nombre del primer Parque Fotovoltaico"},"content":{"rendered":"\n<p class=\"has-medium-font-size\">En el marco del Plan Estrat\u00e9gico de Energ\u00eda, la Secretar\u00eda de Energ\u00eda y Miner\u00eda y Pampetrol SAPEM invit\u00f3 a toda la comunidad pampeana a participar de la elecci\u00f3n del nombre que llevar\u00e1 el primer Parque Solar Fotovoltaico de la Provincia, votando entre los cinco nombres propuestos por los Colegios Secundarios de la localidad de Victorica. &nbsp;<\/p>\n\n\n\n<p class=\"has-medium-font-size\">La votaci\u00f3n estar\u00e1 abierta a partir de ma\u00f1ana martes 27 de agosto hasta el d\u00eda 2 de septiembre a las 23:59. Se podr\u00e1 acceder al enlace para votar, en las redes sociales del Gobierno de La Pampa, en la Secretar\u00eda de Energ\u00eda y Miner\u00eda y en Pampetrol.<br>Contar con la participaci\u00f3n de toda la ciudadan\u00eda resulta fundamental para consolidar los ejes del Plan de Desarrollo Energ\u00e9tico de la Provincia y avanzar en el camino de la transici\u00f3n energ\u00e9tica. A su vez, se busca promover la apropiaci\u00f3n por parte de la comunidad pampeana y poner en valor los beneficios sociales, ambientales y econ\u00f3micos; y desaf\u00edos de transformar a La Pampa en una provincia productora de energ\u00eda limpia.<br>Durante la primera etapa del concurso en el que participaron cinco colegios secundarios de Victorica &#8211; Colegio Leuvuc\u00f3, Institutos San Juan Bosco y F\u00e9lix Romero; Escuelas Agrot\u00e9cnica, Florencio Peirano y Secundaria de Adultos y J\u00f3venes N\u00b07- los equipos de Pampetrol y la Secretar\u00eda de Energ\u00eda y Miner\u00eda brindaron talleres y visitas guiadas para conocer los detalles y beneficios del primer parque solar fotovoltaico que le permitieron a las y los estudiantes pensar una propuesta, enmarcarla y desarrollar una justificaci\u00f3n para nombrarlo.<br>Las opciones para votar son: NEWEN ANT\u00dc (Fuerza \/ energ\u00eda del Sol), WIL\u00dcV ANT\u00dc (Rayo de Sol), LEUV\u00dc-SOL (Corriente de Sol); ANT\u00dc MAM\u00dcLL (Sol del Monte) y ECOSOL.<br>La votaci\u00f3n se puede realizar a trav\u00e9s del siguiente link:&nbsp;<a href=\"https:\/\/sites.google.com\/view\/nombratuparque\/home\">https:\/\/sites.google.com\/view\/nombratuparque\/home<\/a><br>El desarrollo de esta propuesta cont\u00f3 con la colaboraci\u00f3n de la Municipalidad de Victorica, y el apoyo del Ministerio de Educaci\u00f3n, los equipos de gesti\u00f3n de todos los colegios secundarios participantes, y del Ministerio de Conectividad y Modernizaci\u00f3n quien gener\u00f3 la plataforma de votaci\u00f3n con el objetivo de brindar seguridad y transparencia al concurso.<\/p>\n","protected":false},"excerpt":{"rendered":"<p>En el marco del Plan Estrat\u00e9gico de Energ\u00eda, la Secretar\u00eda de Energ\u00eda y Miner\u00eda y<\/p>\n","protected":false},"author":1,"featured_media":35647,"comment_status":"closed","ping_status":"open","sticky":false,"template":"","format":"standard","meta":{"om_disable_all_campaigns":false,"_monsterinsights_skip_tracking":false,"_monsterinsights_sitenote_active":false,"_monsterinsights_sitenote_note":"","_monsterinsights_sitenote_category":0,"_uf_show_specific_survey":0,"_uf_disable_surveys":false,"footnotes":""},"categories":[32,1913],"tags":[],"class_list":["post-35646","post","type-post","status-publish","format-standard","has-post-thumbnail","hentry","category-actualidad","category-porvinciales"],"aioseo_notices":[],"_links":{"self":[{"href":"https:\/\/revistabife.com\/index.php\/wp-json\/wp\/v2\/posts\/35646"}],"collection":[{"href":"https:\/\/revistabife.com\/index.php\/wp-json\/wp\/v2\/posts"}],"about":[{"href":"https:\/\/revistabife.com\/index.php\/wp-json\/wp\/v2\/types\/post"}],"author":[{"embeddable":true,"href":"https:\/\/revistabife.com\/index.php\/wp-json\/wp\/v2\/users\/1"}],"replies":[{"embeddable":true,"href":"https:\/\/revistabife.com\/index.php\/wp-json\/wp\/v2\/comments?post=35646"}],"version-history":[{"count":1,"href":"https:\/\/revistabife.com\/index.php\/wp-json\/wp\/v2\/posts\/35646\/revisions"}],"predecessor-version":[{"id":35648,"href":"https:\/\/revistabife.com\/index.php\/wp-json\/wp\/v2\/posts\/35646\/revisions\/35648"}],"wp:featuredmedia":[{"embeddable":true,"href":"https:\/\/revistabife.com\/index.php\/wp-json\/wp\/v2\/media\/35647"}],"wp:attachment":[{"href":"https:\/\/revistabife.com\/index.php\/wp-json\/wp\/v2\/media?parent=35646"}],"wp:term":[{"taxonomy":"category","embeddable":true,"href":"https:\/\/revistabife.com\/index.php\/wp-json\/wp\/v2\/categories?post=35646"},{"taxonomy":"post_tag","embeddable":true,"href":"https:\/\/revistabife.com\/index.php\/wp-json\/wp\/v2\/tags?post=35646"}],"curies":[{"name":"wp","href":"https:\/\/api.w.org\/{rel}","templated":true}]}}