{"id":35628,"date":"2024-08-26T10:40:08","date_gmt":"2024-08-26T13:40:08","guid":{"rendered":"https:\/\/revistabife.com\/?p=35628"},"modified":"2024-08-26T10:40:10","modified_gmt":"2024-08-26T13:40:10","slug":"dengue-especialistas-alertan-por-un-verano-mas-delicado-que-el-anterior","status":"publish","type":"post","link":"https:\/\/revistabife.com\/index.php\/2024\/08\/26\/dengue-especialistas-alertan-por-un-verano-mas-delicado-que-el-anterior\/","title":{"rendered":"Dengue: especialistas alertan por un verano m\u00e1s &#8220;delicado&#8221; que el anterior"},"content":{"rendered":"\n<p class=\"has-medium-font-size\">El dengue vuelve a preocupar en Argentina, no solo por la circulaci\u00f3n constante del virus en el norte del pa\u00eds, sino por la advertencia del ministro de Salud bonaerense, Nicol\u00e1s Kreplak, quien pronostic\u00f3 una temporada &#8220;probablemente muy grave&#8221;. Kreplak se\u00f1al\u00f3 la falta de coordinaci\u00f3n nacional y advirti\u00f3 que esto podr\u00eda generar caos entre la poblaci\u00f3n.<\/p>\n\n\n\n<p class=\"has-medium-font-size\">Mientras tanto, el Ministerio de Salud de la Naci\u00f3n present\u00f3 su Plan de Abordaje Integral del Dengue, que incluye la compra de 160.000 dosis de vacunas y una campa\u00f1a de prevenci\u00f3n en redes y medios. El objetivo es evitar que se repitan las alarmantes cifras de la temporada pasada, que registr\u00f3 583.297 casos confirmados y 419 muertes, marcando un r\u00e9cord hist\u00f3rico.<\/p>\n\n\n\n<p class=\"has-medium-font-size\">El comportamiento del dengue ha cambiado, volvi\u00e9ndose end\u00e9mico en provincias como Chaco y Formosa, donde el virus ha circulado incluso en invierno. Este fen\u00f3meno, combinado con la posible llegada del fen\u00f3meno de El Ni\u00f1o, plantea un alto riesgo de un nuevo brote. Esteban Couto, infect\u00f3logo en Misiones, subraya la importancia de la vigilancia epidemiol\u00f3gica y la eliminaci\u00f3n de criaderos de mosquitos para evitar una nueva ola de infecciones.<\/p>\n\n\n\n<p class=\"has-medium-font-size\">La vacunaci\u00f3n ser\u00e1 clave, pero la campa\u00f1a se centrar\u00e1 en j\u00f3venes de regiones afectadas. Sin embargo, la verdadera batalla contra el dengue se libra en la prevenci\u00f3n: eliminar criaderos de mosquitos es esencial para cortar la cadena de transmisi\u00f3n. Con la llegada del verano, la amenaza del dengue persiste, y solo un esfuerzo coordinado y sostenido puede evitar otra crisis sanitaria en Argentina.<\/p>\n","protected":false},"excerpt":{"rendered":"<p>El dengue vuelve a preocupar en Argentina, no solo por la circulaci\u00f3n constante del virus<\/p>\n","protected":false},"author":1,"featured_media":35629,"comment_status":"closed","ping_status":"open","sticky":false,"template":"","format":"standard","meta":{"om_disable_all_campaigns":false,"_monsterinsights_skip_tracking":false,"_monsterinsights_sitenote_active":false,"_monsterinsights_sitenote_note":"","_monsterinsights_sitenote_category":0,"_uf_show_specific_survey":0,"_uf_disable_surveys":false,"footnotes":""},"categories":[32,1913],"tags":[],"class_list":["post-35628","post","type-post","status-publish","format-standard","has-post-thumbnail","hentry","category-actualidad","category-porvinciales"],"aioseo_notices":[],"_links":{"self":[{"href":"https:\/\/revistabife.com\/index.php\/wp-json\/wp\/v2\/posts\/35628"}],"collection":[{"href":"https:\/\/revistabife.com\/index.php\/wp-json\/wp\/v2\/posts"}],"about":[{"href":"https:\/\/revistabife.com\/index.php\/wp-json\/wp\/v2\/types\/post"}],"author":[{"embeddable":true,"href":"https:\/\/revistabife.com\/index.php\/wp-json\/wp\/v2\/users\/1"}],"replies":[{"embeddable":true,"href":"https:\/\/revistabife.com\/index.php\/wp-json\/wp\/v2\/comments?post=35628"}],"version-history":[{"count":1,"href":"https:\/\/revistabife.com\/index.php\/wp-json\/wp\/v2\/posts\/35628\/revisions"}],"predecessor-version":[{"id":35630,"href":"https:\/\/revistabife.com\/index.php\/wp-json\/wp\/v2\/posts\/35628\/revisions\/35630"}],"wp:featuredmedia":[{"embeddable":true,"href":"https:\/\/revistabife.com\/index.php\/wp-json\/wp\/v2\/media\/35629"}],"wp:attachment":[{"href":"https:\/\/revistabife.com\/index.php\/wp-json\/wp\/v2\/media?parent=35628"}],"wp:term":[{"taxonomy":"category","embeddable":true,"href":"https:\/\/revistabife.com\/index.php\/wp-json\/wp\/v2\/categories?post=35628"},{"taxonomy":"post_tag","embeddable":true,"href":"https:\/\/revistabife.com\/index.php\/wp-json\/wp\/v2\/tags?post=35628"}],"curies":[{"name":"wp","href":"https:\/\/api.w.org\/{rel}","templated":true}]}}