{"id":32579,"date":"2023-10-26T12:38:30","date_gmt":"2023-10-26T15:38:30","guid":{"rendered":"http:\/\/revistabife.com\/?p=32579"},"modified":"2023-10-26T12:38:32","modified_gmt":"2023-10-26T15:38:32","slug":"en-panico-por-sus-causas-macri-apuro-el-acuerdo-con-milei-si-gana-massa-me-tengo-que-ir-del-pais","status":"publish","type":"post","link":"https:\/\/revistabife.com\/index.php\/2023\/10\/26\/en-panico-por-sus-causas-macri-apuro-el-acuerdo-con-milei-si-gana-massa-me-tengo-que-ir-del-pais\/","title":{"rendered":"En p\u00e1nico por sus causas, Macri apur\u00f3 el acuerdo con Milei: &#8220;Si gana Massa me tengo que ir del pa\u00eds&#8221;"},"content":{"rendered":"\n<p class=\"has-drop-cap has-medium-font-size\">\n\nSe suele decir que Mauricio Macri tiene s\u00f3lo dos enemigos: Juan Rom\u00e1n Riquelme y Sergio Massa.<\/p>\n\n\n\n<p class=\"has-medium-font-size\">Al primero lo quiere sacar de Boca en diciembre, aunque no se hace muchas ilusiones. A tal punto que a quien puso de candidato para el club, Andr\u00e9s Ibarra, lo propone como ministro en un eventual gobierno de Javier Milei.<\/p>\n\n\n\n<p class=\"has-medium-font-size\">En tanto que Massa es el pol\u00edtico que m\u00e1s aborrece y es rec\u00edproco: el tigrense nunca le perdon\u00f3 el mote de &#8220;ventajita&#8221; que le instal\u00f3 durante su presidencia. M\u00e1s all\u00e1 de los ep\u00edtetos, Macri cree que si gana Massa tendr\u00e1 un pasar mucho m\u00e1s complicado que durante la presidencia de Alberto Fern\u00e1ndez<\/p>\n\n\n\n<p class=\"has-medium-font-size\">&#8220;Si gana Massa me tengo que ir del pa\u00eds&#8221;, les dijo Macri a sus hasta hoy compa\u00f1eros de frente en el b\u00fanker de la derrota en Parque Norte. El ex presidente cree que con Massa en la Rosada empezar\u00e1n a despertarse algunas de las causas que tiene en la Justicia -El Destape cont\u00f3 214-.<\/p>\n\n\n\n<p class=\"has-medium-font-size\">Hay cuatro causas que lo preocupan especialmente: Correo Argentino, parques e\u00f3licos, peajes y espionaje ilegal. Los jueces no las hicieron avanzar pero tampoco las cerraron. A Macri le inquieta que un cambio de contexto pol\u00edtico haga girar el viento. A tal punto que desconf\u00eda hasta del pr\u00f3fugo Fabi\u00e1n &#8220;Pep\u00edn&#8221; Rodr\u00edguez Sim\u00f3n, que hizo saber que va a hablar si lo detienen.<\/p>\n\n\n\n<p class=\"has-medium-font-size\">En sectores de la Justicia ya est\u00e1n al tanto de que Macri est\u00e1 hablando del exilio. &#8220;Mauricio habla de irse a vivir a Madrid y en Espa\u00f1a hay extradici\u00f3n, que si se la pide cualquier juez se tiene que volver en el siguiente vuelo&#8221;, dicen las fuentes.<\/p>\n\n\n\n<p class=\"has-medium-font-size\">El benepl\u00e1cito de la Corte Suprema a Massa, anticipado por LPO, no hace m\u00e1s que alentar los temores de Macri. No fue casual que Gerardo Morales dijera en conferencia de prensa que Macri y Milei &#8220;arreglaron causas penales&#8221; en la reuni\u00f3n.<\/p>\n\n\n\n<p class=\"has-medium-font-size\">El juje\u00f1o resumi\u00f3 de esta manera el accionar fren\u00e9tico de Macri, que en las \u00faltimas horas no se movi\u00f3 con la mesura de un inversor a largo plazo sino con la adrenalina ciega de un trader. Lo desprolijo y vertiginoso del acuerdo se plasm\u00f3 en el spot que lanz\u00f3 Milei luego del acuerdo: no s\u00f3lo incorpor\u00f3 la palabra cambio sino que us\u00f3 el mismo recurso gr\u00e1fico que Macri en 2015. <\/p>\n\n\n\n<p class=\"has-medium-font-size\">El ex presidente rompi\u00f3 el partido que fund\u00f3 hace dos d\u00e9cadas por una negociaci\u00f3n forzada y unipersonal a la que arrastr\u00f3 a Patricia Bullrich y a un pu\u00f1ado de dirigentes de su ri\u00f1\u00f3n, como Javier Iguacel, que este mi\u00e9rcoles dijo en LN+ que lo de Milei es un salto al vac\u00edo pero pueden usar paraca\u00eddas.<\/p>\n\n\n\n<p class=\"has-medium-font-size\">El apoyo de estos dirigentes no se deber\u00eda solamente a una cuesti\u00f3n de lealtad. En el PRO creen que si la Justicia decide avanzar con la causa de espionaje ilegal, la lupa tambi\u00e9n recaer\u00e1 sobre Bullrich. Era ministra de Seguridad cuando la empresa Movistar revel\u00f3 que en su celular&nbsp;aparec\u00edan contactos con el falso abogado Marcelo D&#8217;Alessio y sus colaboradores tuvieron que decir que el aparato lo manejaba el nieto. Iguacel, por su parte, fue citado a declarar por la causa de los peajes como ex titular de Vialidad. A ambos les conviene mantener los buenos tratos con Macri.&nbsp;<\/p>\n\n\n\n<p class=\"has-medium-font-size\">Macri cree que con su apoyo Milei arrasar\u00e1 en C\u00f3rdoba y la Capital y con eso le alcanzar\u00e1 para ganar el ballotage. &#8220;Va a meter cuatro ministros&#8221;, dijeron en el PRO a este medio. Uno de ellos es,&nbsp;<a href=\"https:\/\/www.lapoliticaonline.com\/tools\/redirect.php?t=3&amp;i=271727&amp;s=49de2469a0ecc37be353271e00c99ba3\" target=\"_blank\" rel=\"noreferrer noopener\">como anticip\u00f3 LPO<\/a>, Germ\u00e1n Garavano en Justicia.<\/p>\n","protected":false},"excerpt":{"rendered":"<p>Se suele decir que Mauricio Macri tiene s\u00f3lo dos enemigos: Juan Rom\u00e1n Riquelme y Sergio<\/p>\n","protected":false},"author":1,"featured_media":32580,"comment_status":"closed","ping_status":"open","sticky":false,"template":"","format":"standard","meta":{"om_disable_all_campaigns":false,"_monsterinsights_skip_tracking":false,"_monsterinsights_sitenote_active":false,"_monsterinsights_sitenote_note":"","_monsterinsights_sitenote_category":0,"_uf_show_specific_survey":0,"_uf_disable_surveys":false,"footnotes":""},"categories":[32,1868],"tags":[],"class_list":["post-32579","post","type-post","status-publish","format-standard","has-post-thumbnail","hentry","category-actualidad","category-nacionales-2"],"aioseo_notices":[],"_links":{"self":[{"href":"https:\/\/revistabife.com\/index.php\/wp-json\/wp\/v2\/posts\/32579"}],"collection":[{"href":"https:\/\/revistabife.com\/index.php\/wp-json\/wp\/v2\/posts"}],"about":[{"href":"https:\/\/revistabife.com\/index.php\/wp-json\/wp\/v2\/types\/post"}],"author":[{"embeddable":true,"href":"https:\/\/revistabife.com\/index.php\/wp-json\/wp\/v2\/users\/1"}],"replies":[{"embeddable":true,"href":"https:\/\/revistabife.com\/index.php\/wp-json\/wp\/v2\/comments?post=32579"}],"version-history":[{"count":1,"href":"https:\/\/revistabife.com\/index.php\/wp-json\/wp\/v2\/posts\/32579\/revisions"}],"predecessor-version":[{"id":32581,"href":"https:\/\/revistabife.com\/index.php\/wp-json\/wp\/v2\/posts\/32579\/revisions\/32581"}],"wp:featuredmedia":[{"embeddable":true,"href":"https:\/\/revistabife.com\/index.php\/wp-json\/wp\/v2\/media\/32580"}],"wp:attachment":[{"href":"https:\/\/revistabife.com\/index.php\/wp-json\/wp\/v2\/media?parent=32579"}],"wp:term":[{"taxonomy":"category","embeddable":true,"href":"https:\/\/revistabife.com\/index.php\/wp-json\/wp\/v2\/categories?post=32579"},{"taxonomy":"post_tag","embeddable":true,"href":"https:\/\/revistabife.com\/index.php\/wp-json\/wp\/v2\/tags?post=32579"}],"curies":[{"name":"wp","href":"https:\/\/api.w.org\/{rel}","templated":true}]}}