{"id":32189,"date":"2023-09-09T09:53:40","date_gmt":"2023-09-09T12:53:40","guid":{"rendered":"http:\/\/revistabife.com\/?p=32189"},"modified":"2023-09-09T09:53:50","modified_gmt":"2023-09-09T12:53:50","slug":"sacaba-cables-de-una-palmera-en-desuso-junto-a-su-hijastro-fue-detenido","status":"publish","type":"post","link":"https:\/\/revistabife.com\/index.php\/2023\/09\/09\/sacaba-cables-de-una-palmera-en-desuso-junto-a-su-hijastro-fue-detenido\/","title":{"rendered":"Sacaba cables de una palmera en desuso junto a su hijastro: Fue detenido"},"content":{"rendered":"\n<p class=\"has-drop-cap has-medium-font-size\">Fue el viernes a las 15:40 cuando un llamado al Cecom alert\u00f3 sobre la extracci\u00f3n de cables de una palmera el\u00e9ctrica ubicada en el camino vecinal cercano al Complejo Apani. El involucrado es un muchacho de 32 a\u00f1os acompa\u00f1ado de su hijastro de 13.<\/p>\n\n\n\n<p class=\"has-medium-font-size\">Un m\u00f3vil de la Seccional Segunda lleg\u00f3 al lugar y all\u00ed se encontraron a dos individuos en la actividad il\u00edcita.<\/p>\n\n\n\n<p class=\"has-medium-font-size\">BIFE constat\u00f3 que un hombre de 32 a\u00f1os y un menor de tan solo 13, fueron sorprendidos mientras intentaban extraer cables de la palmera el\u00e9ctrica.<\/p>\n\n\n\n<p class=\"has-medium-font-size\">Personal policial solicit\u00f3 la presencia de la Unidad Funcional correspondiente, tambi\u00e9n se convoc\u00f3 a la Agencia de Investigaci\u00f3n Cient\u00edfica.<\/p>\n\n\n\n<p class=\"has-medium-font-size\">Un empleado de la cooperativa de electricidad que lleg\u00f3 al lugar confirm\u00f3 que la palmera no estaba en funcionamiento, lo que sugiere que los individuos estaban tratando de llevarse cables que no estaban en uso.<\/p>\n\n\n\n<p class=\"has-medium-font-size\">A su vez, se encontraron cuchillos que aparentemente fueron utilizados para cortar los cables. El hombre de 32 a\u00f1os fue trasladado a dependencia policial. En horas de la ma\u00f1ana de este s\u00e1bado ser\u00e1 notificado en libertad.\n\n<\/p>\n","protected":false},"excerpt":{"rendered":"<p>Fue el viernes a las 15:40 cuando un llamado al Cecom alert\u00f3 sobre la extracci\u00f3n<\/p>\n","protected":false},"author":1,"featured_media":32190,"comment_status":"closed","ping_status":"open","sticky":false,"template":"","format":"standard","meta":{"om_disable_all_campaigns":false,"_monsterinsights_skip_tracking":false,"_monsterinsights_sitenote_active":false,"_monsterinsights_sitenote_note":"","_monsterinsights_sitenote_category":0,"_uf_show_specific_survey":0,"_uf_disable_surveys":false,"footnotes":""},"categories":[32,1913],"tags":[],"class_list":["post-32189","post","type-post","status-publish","format-standard","has-post-thumbnail","hentry","category-actualidad","category-porvinciales"],"aioseo_notices":[],"_links":{"self":[{"href":"https:\/\/revistabife.com\/index.php\/wp-json\/wp\/v2\/posts\/32189"}],"collection":[{"href":"https:\/\/revistabife.com\/index.php\/wp-json\/wp\/v2\/posts"}],"about":[{"href":"https:\/\/revistabife.com\/index.php\/wp-json\/wp\/v2\/types\/post"}],"author":[{"embeddable":true,"href":"https:\/\/revistabife.com\/index.php\/wp-json\/wp\/v2\/users\/1"}],"replies":[{"embeddable":true,"href":"https:\/\/revistabife.com\/index.php\/wp-json\/wp\/v2\/comments?post=32189"}],"version-history":[{"count":1,"href":"https:\/\/revistabife.com\/index.php\/wp-json\/wp\/v2\/posts\/32189\/revisions"}],"predecessor-version":[{"id":32191,"href":"https:\/\/revistabife.com\/index.php\/wp-json\/wp\/v2\/posts\/32189\/revisions\/32191"}],"wp:featuredmedia":[{"embeddable":true,"href":"https:\/\/revistabife.com\/index.php\/wp-json\/wp\/v2\/media\/32190"}],"wp:attachment":[{"href":"https:\/\/revistabife.com\/index.php\/wp-json\/wp\/v2\/media?parent=32189"}],"wp:term":[{"taxonomy":"category","embeddable":true,"href":"https:\/\/revistabife.com\/index.php\/wp-json\/wp\/v2\/categories?post=32189"},{"taxonomy":"post_tag","embeddable":true,"href":"https:\/\/revistabife.com\/index.php\/wp-json\/wp\/v2\/tags?post=32189"}],"curies":[{"name":"wp","href":"https:\/\/api.w.org\/{rel}","templated":true}]}}