{"id":31852,"date":"2023-07-30T13:07:03","date_gmt":"2023-07-30T16:07:03","guid":{"rendered":"http:\/\/revistabife.com\/?p=31852"},"modified":"2023-07-30T14:31:37","modified_gmt":"2023-07-30T17:31:37","slug":"invitamos-a-todos-a-venir-a-este-laberinto-y-ser-seducidos-se-viene-la-septima-edicion-del-festival-de-cine-de-general-pico","status":"publish","type":"post","link":"https:\/\/revistabife.com\/index.php\/2023\/07\/30\/invitamos-a-todos-a-venir-a-este-laberinto-y-ser-seducidos-se-viene-la-septima-edicion-del-festival-de-cine-de-general-pico\/","title":{"rendered":"&#8220;Invitamos a todos a venir a  este laberinto y ser seducidos&#8221;: Se viene la s\u00e9ptima edici\u00f3n del Festival de Cine de General Pico"},"content":{"rendered":"\n<p class=\"has-drop-cap has-medium-font-size\">No son muchas las provincias que cuentan con un festival de cine de la talla del que se lleva adelante desde 2015 en la ciudad de General Pico. Con seis ediciones \u2013en 2020 y 2021 no hubo por la crisis pand\u00e9mica del covid- el Festival se consolid\u00f3 como uno de los m\u00e1s importantes del pa\u00eds.<\/p>\n\n\n\n<p class=\"has-medium-font-size\">Realizadores consagrados y quienes arriban con sus \u00f3peras primas, convergen durante una semana en la localidad pampeana junto a espectadores que se acercan a las salas en busca de las experiencias sensoriales que brinda el s\u00e9ptimo arte.<\/p>\n\n\n\n<p class=\"has-medium-font-size\">\u201cTenemos una ciudad muy cin\u00e9fila que acompa\u00f1a y que invita a todo el p\u00fablico a venir al laberinto del Festival y ser seducidos\u201d, expresa Jorge Epifanio, presidente del Festival de Cine de General Pico, en di\u00e1logo con BIFE.<\/p>\n\n\n\n<figure class=\"wp-block-image\"><img loading=\"lazy\" decoding=\"async\" width=\"1024\" height=\"768\" src=\"https:\/\/revistabife.com\/wp-content\/uploads\/2023\/07\/1685159962-1024x768.jpg\" alt=\"\" class=\"wp-image-31853\" srcset=\"https:\/\/revistabife.com\/wp-content\/uploads\/2023\/07\/1685159962-1024x768.jpg 1024w, https:\/\/revistabife.com\/wp-content\/uploads\/2023\/07\/1685159962-300x225.jpg 300w, https:\/\/revistabife.com\/wp-content\/uploads\/2023\/07\/1685159962-768x576.jpg 768w, https:\/\/revistabife.com\/wp-content\/uploads\/2023\/07\/1685159962.jpg 1776w\" sizes=\"(max-width: 1024px) 100vw, 1024px\" \/><figcaption><em>Jorge Epifanio, presidente del Festival de Cine de General Pico<\/em><\/figcaption><\/figure>\n\n\n\n<p class=\"has-medium-font-size\">Esta es la segunda edici\u00f3n en la que Epifanio auspicia de presidente. Si bien pudo haber tenido su bautismo como cabeza de la organizaci\u00f3n del evento en 2020, cuando ya hab\u00eda sido designado en ese cargo, la pandemia prorrog\u00f3 por dos a\u00f1os la sexta edici\u00f3n. \u00c9l, junto a su equipo, tomaron la decisi\u00f3n de dejar en stand by la realizaci\u00f3n del Festival, sin dejarse alcanzar por la fiebre del streaming. \u201cFestivales como el BAFICI y Mar del Plata tuvieron sus ediciones no presenciales, pero en el caso nuestro decidimos no hacerlo. Nosotros tenemos dos salas majestuosas, y sabemos que los directores cuando realizan sus pel\u00edculas las piensan para la pantalla grande. Conciben su obra de esa manera. Y tambi\u00e9n sabemos que ellos al conocer nuestras salas hubieran tomado la misma decisi\u00f3n\u201d, dice Epifanio.<\/p>\n\n\n\n<p class=\"has-medium-font-size\">No es casual que el presidente del evento haya decidido prescindir de las ediciones por stream, de hecho, el eslogan del Festival es \u201cCine en el cine\u201d. Una premisa que no admite concesiones.<\/p>\n\n\n\n<p class=\"has-medium-font-size\">\u201cSoy amante de la sala de cine. Y es algo que voy a defender y voy a encontrar muchos aliados que se plieguen a la misma causa\u201d, remarca Epifanio.<\/p>\n\n\n\n<figure class=\"wp-block-image\"><img loading=\"lazy\" decoding=\"async\" width=\"1010\" height=\"432\" src=\"https:\/\/revistabife.com\/wp-content\/uploads\/2023\/07\/Listado-de-Peliculas-Seleccionadas-7\u00b0-Festival-Nacional-de-Cine-General-Pico.png\" alt=\"\" class=\"wp-image-31854\" srcset=\"https:\/\/revistabife.com\/wp-content\/uploads\/2023\/07\/Listado-de-Peliculas-Seleccionadas-7\u00b0-Festival-Nacional-de-Cine-General-Pico.png 1010w, https:\/\/revistabife.com\/wp-content\/uploads\/2023\/07\/Listado-de-Peliculas-Seleccionadas-7\u00b0-Festival-Nacional-de-Cine-General-Pico-300x128.png 300w, https:\/\/revistabife.com\/wp-content\/uploads\/2023\/07\/Listado-de-Peliculas-Seleccionadas-7\u00b0-Festival-Nacional-de-Cine-General-Pico-768x328.png 768w\" sizes=\"(max-width: 1010px) 100vw, 1010px\" \/><figcaption><em>Pel\u00edculas seleccionadas para la Competencia de Largometrajes Nacionales <\/em><\/figcaption><\/figure>\n\n\n\n<p class=\"has-medium-font-size\">Uno de los objetivos que plantea el Festival es que el\ngrueso del p\u00fablico sepa que no s\u00f3lo se trata de la exhibici\u00f3n de pel\u00edculas.\nAdem\u00e1s -y sobre todo-, se trata de una competencia.<\/p>\n\n\n\n<p class=\"has-medium-font-size\">\u201cEs un Festival que otorga importantes premios a los\nrealizadores y hay que valorarlo en ese sentido. Por eso hablamos tambi\u00e9n de lo\nimportante de formar audiencias\u201d, sostiene Jorge Epifanio.<\/p>\n\n\n\n<p class=\"has-medium-font-size\">Esta s\u00e9ptima edici\u00f3n va contar por primera vez con la secci\u00f3n de Largometrajes Internacionales, en la cu\u00e1l competir\u00e1n cinco films.<\/p>\n\n\n\n<figure class=\"wp-block-image\"><img loading=\"lazy\" decoding=\"async\" width=\"678\" height=\"440\" src=\"https:\/\/revistabife.com\/wp-content\/uploads\/2023\/07\/Listado-de-Peliculas-Seleccionadas-7\u00b0-Festival-Nacional-de-Cine-General-Pico-1.png\" alt=\"\" class=\"wp-image-31855\" srcset=\"https:\/\/revistabife.com\/wp-content\/uploads\/2023\/07\/Listado-de-Peliculas-Seleccionadas-7\u00b0-Festival-Nacional-de-Cine-General-Pico-1.png 678w, https:\/\/revistabife.com\/wp-content\/uploads\/2023\/07\/Listado-de-Peliculas-Seleccionadas-7\u00b0-Festival-Nacional-de-Cine-General-Pico-1-300x195.png 300w\" sizes=\"(max-width: 678px) 100vw, 678px\" \/><figcaption><em>Pel\u00edculas seleccionadas para la Competencia Internacional de Largometrajes<\/em><\/figcaption><\/figure>\n\n\n\n<p class=\"has-medium-font-size\">Las dem\u00e1s secciones son: Competencia Nacional de\nLargometrajes; Competencia Nacional de Cortometrajes y Competencia Regional de\nCortometrajes.<\/p>\n\n\n\n<p class=\"has-medium-font-size\">Otra de las novedades para esta edici\u00f3n es la de un \u201cjurado joven\u201d, compuesto por 12 chicos de la provincia, quienes premiaran al mejor Cortometraje Regional.<\/p>\n\n\n\n<p class=\"has-medium-font-size\">Tambi\u00e9n habr\u00e1 talleres y proyecciones por fuera de la competencia.<\/p>\n\n\n\n<p><em>El Festival de Cine de General Pico se llevar\u00e1 a cabo del 3 al 9 de Agosto. <\/em> <a href=\"https:\/\/www.picocinefest.com.ar\/\">https:\/\/www.picocinefest.com.ar\/<\/a><\/p>\n","protected":false},"excerpt":{"rendered":"<p>No son muchas las provincias que cuentan con un festival de cine de la talla<\/p>\n","protected":false},"author":13,"featured_media":31856,"comment_status":"closed","ping_status":"open","sticky":false,"template":"","format":"standard","meta":{"om_disable_all_campaigns":false,"_monsterinsights_skip_tracking":false,"_monsterinsights_sitenote_active":false,"_monsterinsights_sitenote_note":"","_monsterinsights_sitenote_category":0,"_uf_show_specific_survey":0,"_uf_disable_surveys":false,"footnotes":""},"categories":[32,19,1129],"tags":[1886,2254],"class_list":["post-31852","post","type-post","status-publish","format-standard","has-post-thumbnail","hentry","category-actualidad","category-cultura","category-en-foco","tag-cine","tag-festival-de-cine-de-general-pico"],"aioseo_notices":[],"_links":{"self":[{"href":"https:\/\/revistabife.com\/index.php\/wp-json\/wp\/v2\/posts\/31852"}],"collection":[{"href":"https:\/\/revistabife.com\/index.php\/wp-json\/wp\/v2\/posts"}],"about":[{"href":"https:\/\/revistabife.com\/index.php\/wp-json\/wp\/v2\/types\/post"}],"author":[{"embeddable":true,"href":"https:\/\/revistabife.com\/index.php\/wp-json\/wp\/v2\/users\/13"}],"replies":[{"embeddable":true,"href":"https:\/\/revistabife.com\/index.php\/wp-json\/wp\/v2\/comments?post=31852"}],"version-history":[{"count":3,"href":"https:\/\/revistabife.com\/index.php\/wp-json\/wp\/v2\/posts\/31852\/revisions"}],"predecessor-version":[{"id":31865,"href":"https:\/\/revistabife.com\/index.php\/wp-json\/wp\/v2\/posts\/31852\/revisions\/31865"}],"wp:featuredmedia":[{"embeddable":true,"href":"https:\/\/revistabife.com\/index.php\/wp-json\/wp\/v2\/media\/31856"}],"wp:attachment":[{"href":"https:\/\/revistabife.com\/index.php\/wp-json\/wp\/v2\/media?parent=31852"}],"wp:term":[{"taxonomy":"category","embeddable":true,"href":"https:\/\/revistabife.com\/index.php\/wp-json\/wp\/v2\/categories?post=31852"},{"taxonomy":"post_tag","embeddable":true,"href":"https:\/\/revistabife.com\/index.php\/wp-json\/wp\/v2\/tags?post=31852"}],"curies":[{"name":"wp","href":"https:\/\/api.w.org\/{rel}","templated":true}]}}