{"id":31558,"date":"2023-07-07T11:25:31","date_gmt":"2023-07-07T14:25:31","guid":{"rendered":"http:\/\/revistabife.com\/?p=31558"},"modified":"2023-07-07T11:25:32","modified_gmt":"2023-07-07T14:25:32","slug":"comenzaron-los-juegos-deportivos-pampeanos-para-mayores","status":"publish","type":"post","link":"https:\/\/revistabife.com\/index.php\/2023\/07\/07\/comenzaron-los-juegos-deportivos-pampeanos-para-mayores\/","title":{"rendered":"Comenzaron los Juegos Deportivos Pampeanos para Mayores"},"content":{"rendered":"\n<p class=\"has-drop-cap has-medium-font-size\">Con la participaci\u00f3n de m\u00e1s de 500 personas y la organizaci\u00f3n de la Subsecretar\u00eda de Deportes, Recreaci\u00f3n y Turismo del Ministerio de Desarrollo Social, comenzaron en Santa Rosa las finales provinciales clasificatorias para los Juegos Evita.<\/p>\n\n\n\n<p class=\"has-medium-font-size\"> La competencia se desarrolla en ajedrez, newcom, orientaci\u00f3n, padel, sapo, tejo, tenis de mesa y truco en distintos escenarios y busca determinar a los ganadores en cada una de las disciplinas despu\u00e9s de haber atravesado las instancias zonales y regionales anteriormente.<\/p>\n\n\n\n<p class=\"has-medium-font-size\"> Los Juegos Evita se desarrollar\u00e1n en Termas de R\u00edo Hondo (Santiago del Estero), entre el 8 y el 12 de septiembre.<\/p>\n","protected":false},"excerpt":{"rendered":"<p>Con la participaci\u00f3n de m\u00e1s de 500 personas y la organizaci\u00f3n de la Subsecretar\u00eda de<\/p>\n","protected":false},"author":1,"featured_media":31559,"comment_status":"closed","ping_status":"open","sticky":false,"template":"","format":"standard","meta":{"om_disable_all_campaigns":false,"_monsterinsights_skip_tracking":false,"_monsterinsights_sitenote_active":false,"_monsterinsights_sitenote_note":"","_monsterinsights_sitenote_category":0,"_uf_show_specific_survey":0,"_uf_disable_surveys":false,"footnotes":""},"categories":[32,1913],"tags":[],"class_list":["post-31558","post","type-post","status-publish","format-standard","has-post-thumbnail","hentry","category-actualidad","category-porvinciales"],"aioseo_notices":[],"_links":{"self":[{"href":"https:\/\/revistabife.com\/index.php\/wp-json\/wp\/v2\/posts\/31558"}],"collection":[{"href":"https:\/\/revistabife.com\/index.php\/wp-json\/wp\/v2\/posts"}],"about":[{"href":"https:\/\/revistabife.com\/index.php\/wp-json\/wp\/v2\/types\/post"}],"author":[{"embeddable":true,"href":"https:\/\/revistabife.com\/index.php\/wp-json\/wp\/v2\/users\/1"}],"replies":[{"embeddable":true,"href":"https:\/\/revistabife.com\/index.php\/wp-json\/wp\/v2\/comments?post=31558"}],"version-history":[{"count":1,"href":"https:\/\/revistabife.com\/index.php\/wp-json\/wp\/v2\/posts\/31558\/revisions"}],"predecessor-version":[{"id":31560,"href":"https:\/\/revistabife.com\/index.php\/wp-json\/wp\/v2\/posts\/31558\/revisions\/31560"}],"wp:featuredmedia":[{"embeddable":true,"href":"https:\/\/revistabife.com\/index.php\/wp-json\/wp\/v2\/media\/31559"}],"wp:attachment":[{"href":"https:\/\/revistabife.com\/index.php\/wp-json\/wp\/v2\/media?parent=31558"}],"wp:term":[{"taxonomy":"category","embeddable":true,"href":"https:\/\/revistabife.com\/index.php\/wp-json\/wp\/v2\/categories?post=31558"},{"taxonomy":"post_tag","embeddable":true,"href":"https:\/\/revistabife.com\/index.php\/wp-json\/wp\/v2\/tags?post=31558"}],"curies":[{"name":"wp","href":"https:\/\/api.w.org\/{rel}","templated":true}]}}