{"id":31555,"date":"2023-07-07T11:15:36","date_gmt":"2023-07-07T14:15:36","guid":{"rendered":"http:\/\/revistabife.com\/?p=31555"},"modified":"2023-07-07T11:15:37","modified_gmt":"2023-07-07T14:15:37","slug":"declararon-emergencia-agropecuaria-en-la-pampa-el-campo-recibira-creditos-y-beneficios-tributarios","status":"publish","type":"post","link":"https:\/\/revistabife.com\/index.php\/2023\/07\/07\/declararon-emergencia-agropecuaria-en-la-pampa-el-campo-recibira-creditos-y-beneficios-tributarios\/","title":{"rendered":"Declararon Emergencia Agropecuaria en La Pampa: el campo recibir\u00e1 cr\u00e9ditos y beneficios tributarios"},"content":{"rendered":"\n<p class=\"has-drop-cap has-medium-font-size\">Para que los productores agropecuarios de&nbsp;<strong>La Pampa&nbsp;<\/strong>que sufrieron los efectos de\nla&nbsp;<strong>sequ\u00eda<\/strong>&nbsp;y los&nbsp;<strong>incendios<\/strong>&nbsp;puedan acceder a las&nbsp;<strong>medidas tributarias<\/strong>&nbsp;y los cr\u00e9ditos que\ndispone el Estado nacional en situaciones de esta \u00edndole, el Gobierno declar\u00f3 la<strong>&nbsp;emergencia agropecuaria<\/strong>&nbsp;en\nalgunos distritos y la prorrog\u00f3 en otros.<\/p>\n\n\n\n<p class=\"has-medium-font-size\">El Gobierno de La Pampa\nremitir\u00e1 a la Secretar\u00eda T\u00e9cnica Ejecutiva de la Comisi\u00f3n Nacional de\nEmergencia y Desastres Agropecuarios el listado de los productores afectados,\n\u201cacompa\u00f1ando copia del certificado de emergencia emitido por la autoridad\nprovincial competente\u201d.<\/p>\n\n\n\n<p class=\"has-medium-font-size\">A principios de junio el secretario de\nAgricultura, Ganader\u00eda y Pesca,&nbsp;<strong>Juan\nJos\u00e9 Bahillo<\/strong>, sostuvo que 22 de los 24 distritos que integran el pa\u00eds se\nencuentran en emergencia agropecuaria, exceptuando de esta condici\u00f3n solo a la&nbsp;<strong>Ciudad Aut\u00f3noma de Buenos Aires<\/strong>&nbsp;y a<strong>&nbsp;Tierra del Fuego<\/strong>.<\/p>\n\n\n\n<p class=\"has-medium-font-size\">\u201cVenimos de un contexto complejo y dif\u00edcil\ncon la sequ\u00eda m\u00e1s importante de la historia. De los 24 distritos, declaramos la\nemergencia agropecuaria en 22 distritos\u2033, dijo Bahillo durante la inauguraci\u00f3n\nde la 29\u00b0 edici\u00f3n de la feria agroindustrial&nbsp;<strong>Agroactiva<\/strong>,\nque se llev\u00f3 a cabo en la localidad santafesina de Armstrong.<\/p>\n\n\n\n<p class=\"has-medium-font-size\">Al respecto de las medidas que est\u00e1 tomando\nNaci\u00f3n, el funcionario dijo: \u201cNuestra responsabilidad es acompa\u00f1ar este\nproceso. Es un paliativo, porque nada reemplaza el ingreso genuino que produce\nuna campa\u00f1a normal. Cuando tenemos una sequ\u00eda de estas caracter\u00edsticas, por m\u00e1s\nesfuerzo que haga un gobierno provincial y las medidas que hemos tomado, nada\nreemplaza este ingreso. Intentamos ayudar con un objetivo que es que puedan\nseguir siendo productores, trabajando, seguir produciendo e ir por la sana\nrevancha\u201d.<\/p>\n\n\n\n<p class=\"has-medium-font-size\">Es por eso que Bahillo, teniendo en cuenta\nla consideraci\u00f3n de \u201cpaliativo\u201d de las medidas que tomaron, entre ellas,\nmejorar y facilitar el acceso a los productores de los beneficios de la\nemergencia agropecuaria y cr\u00e9ditos a tasas accesibles, sostuvo: \u201cSi los fondos\nson suficientes o no, haremos la evaluaci\u00f3n cuando se recompongan los sistemas\nproductivos, pero si no nos quedaron productores en el camino, es porque hemos\ntenido pol\u00edticas acertadas\u201d y remarc\u00f3 que \u201cla situaci\u00f3n del productor no se\ncompone de un d\u00eda para el otro. Hay que esperar a una nueva campa\u00f1a\u201d. \u201cDesde\nnuestro lugar, seguiremos trabajando en conjunto con nuestras provincias y\ntransfiri\u00e9ndoles fondos para que se pueda llegar a los productores\u201d, cerr\u00f3.<\/p>\n","protected":false},"excerpt":{"rendered":"<p>Para que los productores agropecuarios de&nbsp;La Pampa&nbsp;que sufrieron los efectos de la&nbsp;sequ\u00eda&nbsp;y los&nbsp;incendios&nbsp;puedan acceder a<\/p>\n","protected":false},"author":1,"featured_media":31556,"comment_status":"closed","ping_status":"open","sticky":false,"template":"","format":"standard","meta":{"om_disable_all_campaigns":false,"_monsterinsights_skip_tracking":false,"_monsterinsights_sitenote_active":false,"_monsterinsights_sitenote_note":"","_monsterinsights_sitenote_category":0,"_uf_show_specific_survey":0,"_uf_disable_surveys":false,"footnotes":""},"categories":[32,1913],"tags":[],"class_list":["post-31555","post","type-post","status-publish","format-standard","has-post-thumbnail","hentry","category-actualidad","category-porvinciales"],"aioseo_notices":[],"_links":{"self":[{"href":"https:\/\/revistabife.com\/index.php\/wp-json\/wp\/v2\/posts\/31555"}],"collection":[{"href":"https:\/\/revistabife.com\/index.php\/wp-json\/wp\/v2\/posts"}],"about":[{"href":"https:\/\/revistabife.com\/index.php\/wp-json\/wp\/v2\/types\/post"}],"author":[{"embeddable":true,"href":"https:\/\/revistabife.com\/index.php\/wp-json\/wp\/v2\/users\/1"}],"replies":[{"embeddable":true,"href":"https:\/\/revistabife.com\/index.php\/wp-json\/wp\/v2\/comments?post=31555"}],"version-history":[{"count":1,"href":"https:\/\/revistabife.com\/index.php\/wp-json\/wp\/v2\/posts\/31555\/revisions"}],"predecessor-version":[{"id":31557,"href":"https:\/\/revistabife.com\/index.php\/wp-json\/wp\/v2\/posts\/31555\/revisions\/31557"}],"wp:featuredmedia":[{"embeddable":true,"href":"https:\/\/revistabife.com\/index.php\/wp-json\/wp\/v2\/media\/31556"}],"wp:attachment":[{"href":"https:\/\/revistabife.com\/index.php\/wp-json\/wp\/v2\/media?parent=31555"}],"wp:term":[{"taxonomy":"category","embeddable":true,"href":"https:\/\/revistabife.com\/index.php\/wp-json\/wp\/v2\/categories?post=31555"},{"taxonomy":"post_tag","embeddable":true,"href":"https:\/\/revistabife.com\/index.php\/wp-json\/wp\/v2\/tags?post=31555"}],"curies":[{"name":"wp","href":"https:\/\/api.w.org\/{rel}","templated":true}]}}