{"id":31552,"date":"2023-07-07T11:03:12","date_gmt":"2023-07-07T14:03:12","guid":{"rendered":"http:\/\/revistabife.com\/?p=31552"},"modified":"2023-07-07T11:03:13","modified_gmt":"2023-07-07T14:03:13","slug":"10-anos-de-prision-para-una-madre-de-doblas-por-abuso-sexual-con-acceso-carnal-a-su-hija","status":"publish","type":"post","link":"https:\/\/revistabife.com\/index.php\/2023\/07\/07\/10-anos-de-prision-para-una-madre-de-doblas-por-abuso-sexual-con-acceso-carnal-a-su-hija\/","title":{"rendered":"10 a\u00f1os de prisi\u00f3n para una madre de Doblas por abuso sexual con acceso carnal a su hija"},"content":{"rendered":"\n<p class=\"has-drop-cap has-medium-font-size\">\n\nEl Tribunal de Impugnaci\u00f3n Penal conden\u00f3 a 10 a\u00f1os de prisi\u00f3n efectiva a una madre de Doblas por abusar sexualmente de su hija. Esta sentencia ocurri\u00f3 ayer luego de que el TIP haya revertido el fallo del juez de Audiencia, Andr\u00e9s Oli\u00e9, quien le hab\u00eda dado s\u00f3lo 3 a\u00f1os de prisi\u00f3n en suspenso. Se trata de una condena \u201cagravada por ser cometido por su ascendiente, en concurso real con suministro de material pornogr\u00e1fico por ser a una menor de 14 a\u00f1os\u201d.<\/p>\n\n\n\n<p class=\"has-medium-font-size\">El fallo de primera instancia hab\u00eda tenido en cuenta el abuso, pero no el suministro de material pornogr\u00e1fico a la ni\u00f1a. Esa sentencia fue apelada por el abogado de la acusada, que pidi\u00f3 su absoluci\u00f3n, y tambi\u00e9n por los fiscales y los abogados de la querella, que reclamaron una pena m\u00e1s dura contra la imputada por el abuso sexual.<\/p>\n\n\n\n<p class=\"has-medium-font-size\">En marzo de este a\u00f1o, cuando se dio a conocer la sentencia del juicio, vecinas y vecinos de la localidad de Doblas, donde ocurri\u00f3 el lamentable episodio, realizaron una manifestaci\u00f3n en la plaza, reclamando una pena m\u00e1s dura. La acusada hab\u00eda llegado al debate oral con prisi\u00f3n preventiva, medida que el juez de audiencia anul\u00f3 apenas dictada su sentencia, lo que signific\u00f3 que recuperara la libertad.<\/p>\n\n\n\n<p class=\"has-medium-font-size\">Los abusos sexuales, seg\u00fan la reconstrucci\u00f3n que hizo la Justicia, tuvieron lugar desde 2018 y hasta julio de 2019. En los alegatos, la fiscala Ver\u00f3nica Ferrero hab\u00eda solicitado una pena de 10 a\u00f1os de prisi\u00f3n de cumplimiento efectivo. Tambi\u00e9n requiri\u00f3 el mantenimiento de la prisi\u00f3n preventiva por entender que esas conductas podr\u00edan reiterarlas con otros hijos.\n\n<\/p>\n","protected":false},"excerpt":{"rendered":"<p>El Tribunal de Impugnaci\u00f3n Penal conden\u00f3 a 10 a\u00f1os de prisi\u00f3n efectiva a una madre<\/p>\n","protected":false},"author":1,"featured_media":31553,"comment_status":"closed","ping_status":"open","sticky":false,"template":"","format":"standard","meta":{"om_disable_all_campaigns":false,"_monsterinsights_skip_tracking":false,"_monsterinsights_sitenote_active":false,"_monsterinsights_sitenote_note":"","_monsterinsights_sitenote_category":0,"_uf_show_specific_survey":0,"_uf_disable_surveys":false,"footnotes":""},"categories":[32,1913],"tags":[],"class_list":["post-31552","post","type-post","status-publish","format-standard","has-post-thumbnail","hentry","category-actualidad","category-porvinciales"],"aioseo_notices":[],"_links":{"self":[{"href":"https:\/\/revistabife.com\/index.php\/wp-json\/wp\/v2\/posts\/31552"}],"collection":[{"href":"https:\/\/revistabife.com\/index.php\/wp-json\/wp\/v2\/posts"}],"about":[{"href":"https:\/\/revistabife.com\/index.php\/wp-json\/wp\/v2\/types\/post"}],"author":[{"embeddable":true,"href":"https:\/\/revistabife.com\/index.php\/wp-json\/wp\/v2\/users\/1"}],"replies":[{"embeddable":true,"href":"https:\/\/revistabife.com\/index.php\/wp-json\/wp\/v2\/comments?post=31552"}],"version-history":[{"count":1,"href":"https:\/\/revistabife.com\/index.php\/wp-json\/wp\/v2\/posts\/31552\/revisions"}],"predecessor-version":[{"id":31554,"href":"https:\/\/revistabife.com\/index.php\/wp-json\/wp\/v2\/posts\/31552\/revisions\/31554"}],"wp:featuredmedia":[{"embeddable":true,"href":"https:\/\/revistabife.com\/index.php\/wp-json\/wp\/v2\/media\/31553"}],"wp:attachment":[{"href":"https:\/\/revistabife.com\/index.php\/wp-json\/wp\/v2\/media?parent=31552"}],"wp:term":[{"taxonomy":"category","embeddable":true,"href":"https:\/\/revistabife.com\/index.php\/wp-json\/wp\/v2\/categories?post=31552"},{"taxonomy":"post_tag","embeddable":true,"href":"https:\/\/revistabife.com\/index.php\/wp-json\/wp\/v2\/tags?post=31552"}],"curies":[{"name":"wp","href":"https:\/\/api.w.org\/{rel}","templated":true}]}}