{"id":30039,"date":"2023-03-10T13:11:35","date_gmt":"2023-03-10T16:11:35","guid":{"rendered":"http:\/\/revistabife.com\/?p=30039"},"modified":"2023-03-10T13:11:37","modified_gmt":"2023-03-10T16:11:37","slug":"santa-rosa-un-hombre-fue-condenado-por-amenazar-a-su-pareja-con-un-arma-de-fuego-le-dieron-un-ano-y-8-meses","status":"publish","type":"post","link":"https:\/\/revistabife.com\/index.php\/2023\/03\/10\/santa-rosa-un-hombre-fue-condenado-por-amenazar-a-su-pareja-con-un-arma-de-fuego-le-dieron-un-ano-y-8-meses\/","title":{"rendered":"Santa Rosa: Un hombre fue condenado por amenazar a su pareja con un arma de fuego; le dieron un a\u00f1o y 8 meses"},"content":{"rendered":"\n<p class=\"has-drop-cap has-medium-font-size\">Un hombre fue condenado hoy a un a\u00f1o y ocho meses de prisi\u00f3n de cumplimiento efectivo por amenazar de muerte a su pareja con un arma de fuego, en un contexto de intimidaci\u00f3n y violencia de g\u00e9nero. Adem\u00e1s se orden\u00f3 su detenci\u00f3n inmediata.<\/p>\n\n\n\n<p class=\"has-medium-font-size\">La sentencia fue dictada por el juez de audiencia de Santa Rosa, Daniel Alfredo S\u00e1ez Zamora, en perjuicio de Nazareno Mart\u00edn Rosignolo. El imputado, de 42 a\u00f1os, fue hallado culpable de los delitos de delitos de amenazas calificadas por el uso de arma de fuego, en concurso real con tenencia de arma de fuego de uso civil condicional sin la debida autorizaci\u00f3n legal; todo ello en el marco de la ley 26485 de Protecci\u00f3n Integral contras las Mujeres.<\/p>\n\n\n\n<p class=\"has-medium-font-size\">Con las pruebas reunidas durante el juicio oral, el magistrado dio por probado que Rosignolo, durante una discusi\u00f3n con la v\u00edctima, \u201cprofiri\u00f3 palabras intimidantes, al tiempo que empu\u00f1\u00f3 una pistola Bersa Thunder 9 mil\u00edmetros. En un momento, luego de descargar el arma, tom\u00f3 la munici\u00f3n y le dijo a su pareja: \u2018primero vas vos\u2019\u201d.<\/p>\n\n\n\n<p class=\"has-medium-font-size\">S\u00e1ez Zamora indic\u00f3 que el hecho se produjo en \u201cun contexto de intimidaci\u00f3n y violencia constante\u201d durante el tiempo de relaci\u00f3n de la pareja, y agreg\u00f3 que en ese momento el agresor \u201cno contaba con la autorizaci\u00f3n legal para la tenencia de la pistola, ya que se encontraba vencida\u201d.<\/p>\n\n\n\n<p class=\"has-medium-font-size\">\u201cLos hechos se desarrollaron en un \u00e1mbito de violencia de g\u00e9nero, en el que Rosignolo actu\u00f3 con una clara intenci\u00f3n de dominaci\u00f3n hacia la v\u00edctima, afectando en forma ileg\u00edtima su libertad y el ejercicio voluntario de sus actos \u2013y por ende de sus derechos\u2013 por la sola condici\u00f3n de ser mujer\u201d, remarc\u00f3.<\/p>\n\n\n\n<p class=\"has-medium-font-size\">M\u00e1s adelante, el magistrado expres\u00f3 que \u201cen casos como este, los hechos raramente se producen frente a terceros testigos, ya que ocurren en \u00e1mbitos dom\u00e9sticos o de intimidad. Es por ello que al momento de ponderar las pruebas, adem\u00e1s de tener en cuenta las reglas del C\u00f3digo Procesal Penal, debo estar a lo dispuesto por el art\u00edculo 31 de la Ley 26485, que permite valorar los indicios cuando ellos sean graves, precisos y concordantes. Aqu\u00ed, adem\u00e1s de existir prueba directa de alta calidad probatoria, la fiscal\u00eda logr\u00f3 aportar indicios que permitieron articular las distintas piezas que sirvieron para recrear el hecho en forma completa\u201d.<\/p>\n\n\n\n<p class=\"has-medium-font-size\">Adem\u00e1s el juez dispuso la prisi\u00f3n preventiva del acusado hasta la finalizaci\u00f3n del proceso y por eso orden\u00f3 su detenci\u00f3n inmediata, y el decomiso del arma, que hab\u00eda sido secuestrada durante la investigaci\u00f3n fiscal preparatoria.<\/p>\n\n\n\n<p class=\"has-medium-font-size\">Las resoluciones de S\u00e1ez Zamora sobre la calificaci\u00f3n legal, la pena y la preventiva coincidieron en un todo con los pedidos del fiscal Cristian Casais durante el alegato de cierre. En cambio, el defensor particular, Javier Horacio D\u00edaz (h), hab\u00eda requerido la absoluci\u00f3n del imputado por ambos delitos.\u200b<\/p>\n","protected":false},"excerpt":{"rendered":"<p>Un hombre fue condenado hoy a un a\u00f1o y ocho meses de prisi\u00f3n de cumplimiento<\/p>\n","protected":false},"author":1,"featured_media":30040,"comment_status":"closed","ping_status":"open","sticky":false,"template":"","format":"standard","meta":{"om_disable_all_campaigns":false,"_monsterinsights_skip_tracking":false,"_monsterinsights_sitenote_active":false,"_monsterinsights_sitenote_note":"","_monsterinsights_sitenote_category":0,"_uf_show_specific_survey":0,"_uf_disable_surveys":false,"footnotes":""},"categories":[32,1913],"tags":[],"class_list":["post-30039","post","type-post","status-publish","format-standard","has-post-thumbnail","hentry","category-actualidad","category-porvinciales"],"aioseo_notices":[],"_links":{"self":[{"href":"https:\/\/revistabife.com\/index.php\/wp-json\/wp\/v2\/posts\/30039"}],"collection":[{"href":"https:\/\/revistabife.com\/index.php\/wp-json\/wp\/v2\/posts"}],"about":[{"href":"https:\/\/revistabife.com\/index.php\/wp-json\/wp\/v2\/types\/post"}],"author":[{"embeddable":true,"href":"https:\/\/revistabife.com\/index.php\/wp-json\/wp\/v2\/users\/1"}],"replies":[{"embeddable":true,"href":"https:\/\/revistabife.com\/index.php\/wp-json\/wp\/v2\/comments?post=30039"}],"version-history":[{"count":1,"href":"https:\/\/revistabife.com\/index.php\/wp-json\/wp\/v2\/posts\/30039\/revisions"}],"predecessor-version":[{"id":30041,"href":"https:\/\/revistabife.com\/index.php\/wp-json\/wp\/v2\/posts\/30039\/revisions\/30041"}],"wp:featuredmedia":[{"embeddable":true,"href":"https:\/\/revistabife.com\/index.php\/wp-json\/wp\/v2\/media\/30040"}],"wp:attachment":[{"href":"https:\/\/revistabife.com\/index.php\/wp-json\/wp\/v2\/media?parent=30039"}],"wp:term":[{"taxonomy":"category","embeddable":true,"href":"https:\/\/revistabife.com\/index.php\/wp-json\/wp\/v2\/categories?post=30039"},{"taxonomy":"post_tag","embeddable":true,"href":"https:\/\/revistabife.com\/index.php\/wp-json\/wp\/v2\/tags?post=30039"}],"curies":[{"name":"wp","href":"https:\/\/api.w.org\/{rel}","templated":true}]}}