{"id":30034,"date":"2023-03-10T10:22:03","date_gmt":"2023-03-10T13:22:03","guid":{"rendered":"http:\/\/revistabife.com\/?p=30034"},"modified":"2023-03-10T10:22:04","modified_gmt":"2023-03-10T13:22:04","slug":"aparecio-la-chica-de-15-anos-que-era-buscada-en-santa-rosa","status":"publish","type":"post","link":"https:\/\/revistabife.com\/index.php\/2023\/03\/10\/aparecio-la-chica-de-15-anos-que-era-buscada-en-santa-rosa\/","title":{"rendered":"Apareci\u00f3 la chica de 15 a\u00f1os que era buscada en Santa Rosa"},"content":{"rendered":"\n<p class=\"has-drop-cap has-medium-font-size\">Finalmente apareci\u00f3 la chica que estaba desaparecida desde el lunes.<\/p>\n\n\n\n<p class=\"has-medium-font-size\">Fuentes policiales confirmaron a \ud835\ude3d\ud835\ude44\ud835\ude41\ud835\ude40 que la menor de 15 a\u00f1os que hab\u00eda perdido contacto con sus familiares el lunes de esta semana, apareci\u00f3 este jueves.<\/p>\n\n\n\n<p class=\"has-medium-font-size\">La joven se present\u00f3 ayer en la Seccional Segunda alrededor de las dos de la tarde.<\/p>\n\n\n\n<p class=\"has-medium-font-size\">&#8220;Se acerc\u00f3 a la comisar\u00eda cuando vio las publicaciones de su b\u00fasqueda&#8221;, se\u00f1al\u00f3 la misma fuente en comunicaci\u00f3n con \ud835\ude3d\ud835\ude44\ud835\ude41\ud835\ude40.<\/p>\n\n\n\n<p class=\"has-medium-font-size\">La menor habita en un asentamiento de la ciudad y estuvo desaparecida desde el d\u00eda lunes.\n\n<\/p>\n","protected":false},"excerpt":{"rendered":"<p>Finalmente apareci\u00f3 la chica que estaba desaparecida desde el lunes. Fuentes policiales confirmaron a \ud835\ude3d\ud835\ude44\ud835\ude41\ud835\ude40<\/p>\n","protected":false},"author":1,"featured_media":30000,"comment_status":"closed","ping_status":"open","sticky":false,"template":"","format":"standard","meta":{"om_disable_all_campaigns":false,"_monsterinsights_skip_tracking":false,"_monsterinsights_sitenote_active":false,"_monsterinsights_sitenote_note":"","_monsterinsights_sitenote_category":0,"_uf_show_specific_survey":0,"_uf_disable_surveys":false,"footnotes":""},"categories":[32,1913],"tags":[],"class_list":["post-30034","post","type-post","status-publish","format-standard","has-post-thumbnail","hentry","category-actualidad","category-porvinciales"],"aioseo_notices":[],"_links":{"self":[{"href":"https:\/\/revistabife.com\/index.php\/wp-json\/wp\/v2\/posts\/30034"}],"collection":[{"href":"https:\/\/revistabife.com\/index.php\/wp-json\/wp\/v2\/posts"}],"about":[{"href":"https:\/\/revistabife.com\/index.php\/wp-json\/wp\/v2\/types\/post"}],"author":[{"embeddable":true,"href":"https:\/\/revistabife.com\/index.php\/wp-json\/wp\/v2\/users\/1"}],"replies":[{"embeddable":true,"href":"https:\/\/revistabife.com\/index.php\/wp-json\/wp\/v2\/comments?post=30034"}],"version-history":[{"count":1,"href":"https:\/\/revistabife.com\/index.php\/wp-json\/wp\/v2\/posts\/30034\/revisions"}],"predecessor-version":[{"id":30035,"href":"https:\/\/revistabife.com\/index.php\/wp-json\/wp\/v2\/posts\/30034\/revisions\/30035"}],"wp:featuredmedia":[{"embeddable":true,"href":"https:\/\/revistabife.com\/index.php\/wp-json\/wp\/v2\/media\/30000"}],"wp:attachment":[{"href":"https:\/\/revistabife.com\/index.php\/wp-json\/wp\/v2\/media?parent=30034"}],"wp:term":[{"taxonomy":"category","embeddable":true,"href":"https:\/\/revistabife.com\/index.php\/wp-json\/wp\/v2\/categories?post=30034"},{"taxonomy":"post_tag","embeddable":true,"href":"https:\/\/revistabife.com\/index.php\/wp-json\/wp\/v2\/tags?post=30034"}],"curies":[{"name":"wp","href":"https:\/\/api.w.org\/{rel}","templated":true}]}}