{"id":30028,"date":"2023-03-10T09:20:33","date_gmt":"2023-03-10T12:20:33","guid":{"rendered":"http:\/\/revistabife.com\/?p=30028"},"modified":"2023-03-10T09:20:34","modified_gmt":"2023-03-10T12:20:34","slug":"desagues-pluviales-de-la-zona-norte-de-santa-rosa-una-solucion-definitiva","status":"publish","type":"post","link":"https:\/\/revistabife.com\/index.php\/2023\/03\/10\/desagues-pluviales-de-la-zona-norte-de-santa-rosa-una-solucion-definitiva\/","title":{"rendered":"Desag\u00fces pluviales de la Zona Norte de Santa Rosa: una soluci\u00f3n definitiva"},"content":{"rendered":"\n<p style=\"text-align:left\" class=\"has-drop-cap has-medium-font-size\">La obra de saneamiento con mayor monto destinada a Santa Rosa, se licit\u00f3 este mediod\u00eda en el Ministerio de Obras y Servicios P\u00fablicos de la Naci\u00f3n, en Buenos Aires. Los Desag\u00fces Pluviales Zona Norte de Santa Rosa, m\u00e1s conocidos como los desag\u00fces de la calle Santa Cruz, tienen una inversi\u00f3n superior a los 4.700 millones de pesos. \u00a0<\/p>\n\n\n\n<p class=\"has-medium-font-size\">V\u00eda zoom, desde La Pampa, participaron el vicegobernador Mariano Fern\u00e1ndez; el ministro de Obras y Servicios P\u00fablicos, Julio Rojo; el intendente capitalino, Luiciano di N\u00e1poli; y el diputado nacional, Hern\u00e1n P\u00e9rez Araujo. El acto licitatorio fue encabezado por el subsecretario de Obras Hidr\u00e1ulicas de la Secretar\u00eda de Infraestructura y Pol\u00edticas H\u00eddricas del Ministerio de Obras P\u00fablicas de la Naci\u00f3n, Gustavo Villa Ur\u00eda.<\/p>\n\n\n\n<p class=\"has-medium-font-size\">En la oportunidad se presentaron dos oferentes: Miavasa SA con un presupuesto de $ 5.338.092.580,48; y Supercemento S.A.I.C. con una oferta de $ 7.160.239.392,48., quienes compiten ante un presupuesto oficial, calculado a enero de 2023, de $ 4.796.702.063, y un plazo de entrega de 720 d\u00edas. Los desag\u00fces pluviales fueron largamente esperados por las y los vecinos, y son producto del convenio que firm\u00f3 el gobernador Sergio Ziliotto con el Ministro de la Naci\u00f3n, Gabriel Katopodis, durante su visita a Santa Rosa en abril de 2022.<br><br><strong>\u201cTenemos mucho trabajo por delante\u201d<\/strong><br>El vicegobernador Mariano Fern\u00e1ndez, a cargo de la gobernaci\u00f3n, dio las gracias al Gobierno nacional en la persona del presidente Alberto Fern\u00e1ndez, \u201cpor propiciar esta obra\u201d. En tanto el intendente di N\u00e1poli destac\u00f3 al d\u00eda como \u201chist\u00f3rico, porque viene a ratificar un compromiso asumido por nuestro Gobernador: sanear la ciudad de Santa Rosa\u201d.<\/p>\n\n\n\n<p class=\"has-medium-font-size\">Por su parte el ministro Rojo agradeci\u00f3 a Gustavo Villa Ur\u00eda su acompa\u00f1amiento y asistencia durante todo el proceso. \u201cPara nosotros, los santarrose\u00f1os, es un d\u00eda muy especial\u201d, enfatiz\u00f3.<\/p>\n\n\n\n<p class=\"has-medium-font-size\">El subsecretario Villa Ur\u00eda destac\u00f3 que \u201ces un proceso que reci\u00e9n empieza, con la licitaci\u00f3n. Tenemos mucho trabajo por delante. Este proceso no es importante s\u00f3lo para La Pampa, tambi\u00e9n lo es para el Estado Nacional porque tenemos que adaptar nuestras ciudades a la variabilidad del clima y a los extremos clim\u00e1ticos, tenemos que convertir a nuestras ciudades en resilientes para que podamos adaptarnos mejor a escenarios extremos y cont\u00ednuos. El plan de desarrollo de desag\u00fces pluviales que venimos abarcando en todo el pa\u00eds es sumamente importante\u201d.<br><br><strong>M\u00e1s asuntos h\u00eddricos<\/strong><br>No olvid\u00f3 el funcionario nacional hacer menci\u00f3n de \u201clos reclamos de La Pampa sobre el Atuel; los trabajos en cuencas ambientales; y la medici\u00f3n de aguas subterr\u00e1neas, la primera estaci\u00f3n de medici\u00f3n del pa\u00eds se puso en La Pampa\u201d, inform\u00f3 Villa Ur\u00eda.<br><br><strong>Una obra de grandes dimensiones<\/strong><br>Esta obra, una soluci\u00f3n real de saneamiento para la capital pampeana, terminar\u00e1 con la hist\u00f3rica problem\u00e1tica de inundaciones que sufre el sector norte de la ciudad, particularmente el barrio Almafuerte, y los anegamientos en barrios Zona Oeste Quintas, Zona Norte, Villa Tom\u00e1s Mason, Villa del Busto y barrio Aeropuerto.<\/p>\n\n\n\n<p class=\"has-medium-font-size\">El ministro Rojo, quie brind\u00f3 los detalles t\u00e9cnicos y asegur\u00f3 que \u201centendemos el sufrimiento que tiene la gente del sector, por eso no dudamos en hacer esta obra, que es de una magnitud importante. Vamos a interferir en la vida cotidiana de la zona, pero es la soluci\u00f3n definitiva\u201d.<br>Los drenajes dar\u00e1n soluci\u00f3n a una gran cuenca del sector norte de la ciudad, que abarca una extensa \u00e1rea de 480 has, limitada al sur por calle Santa Cruz y su continuaci\u00f3n, la calle Duarte, y al norte por las calles Pilcomayo entre Suipacha y Stieben, y desde all\u00ed hasta calle 2 de Abril y Esmeralda y por esta \u00faltima hasta Circunvalaci\u00f3n Ing. Santiago Marzo.<\/p>\n\n\n\n<p class=\"has-medium-font-size\">Tambi\u00e9n se determin\u00f3 conveniente la construcci\u00f3n de un conducto troncal por calle Magaldi, desde Av. Circunvalaci\u00f3n Ing. Santiago Marzo Este, que contin\u00faa por calle Tierra del Fuego hasta Ra\u00fal B. Diaz, luego por ella hasta Santa Cruz y finalmente por calle Santa Cruz hasta Ni\u00f1as de Ayohuma, para desembocar en un canal a cielo abierto que lo vincula con la laguna Don Tom\u00e1s, con una traza de longitud total de 3.500 metros.<\/p>\n\n\n\n<p class=\"has-medium-font-size\">Se dise\u00f1aron adem\u00e1s los ramales secundarios que recolectar\u00e1n la escorrent\u00eda superficial de aguas pluviales con un sistema de siete ramales secundarios (Suipacha, Ant\u00e1rtida Argentina, Joaqu\u00edn Ferro, Santiago del Estero, Almirante Brown, Tom\u00e1s Mason y Viniegras) construidos con conductos circulares prefabricados de di\u00e1metros variables entre 500 mm y 1.200 mm, cuya sumatoria total de longitudes de colectores es de 10.200 metros. Conformando una red de captaci\u00f3n del escurrimiento pluvial del sector con un total de m\u00e1s de 200 sumideros.<\/p>\n\n\n\n<p class=\"has-medium-font-size\">\u201cEsta es una alegr\u00eda muy grande, porque era una obra que ten\u00edamos pendiente y la sufrimos permanentemente. Pero, como dice el Gobernador: donde hay un problema, la Provincia est\u00e1 ah\u00ed para resolverlo\u201d finaliz\u00f3 Rojo.<br><\/p>\n","protected":false},"excerpt":{"rendered":"<p>La obra de saneamiento con mayor monto destinada a Santa Rosa, se licit\u00f3 este mediod\u00eda<\/p>\n","protected":false},"author":1,"featured_media":30029,"comment_status":"closed","ping_status":"open","sticky":false,"template":"","format":"standard","meta":{"om_disable_all_campaigns":false,"_monsterinsights_skip_tracking":false,"_monsterinsights_sitenote_active":false,"_monsterinsights_sitenote_note":"","_monsterinsights_sitenote_category":0,"_uf_show_specific_survey":0,"_uf_disable_surveys":false,"footnotes":""},"categories":[32,1913],"tags":[],"class_list":["post-30028","post","type-post","status-publish","format-standard","has-post-thumbnail","hentry","category-actualidad","category-porvinciales"],"aioseo_notices":[],"_links":{"self":[{"href":"https:\/\/revistabife.com\/index.php\/wp-json\/wp\/v2\/posts\/30028"}],"collection":[{"href":"https:\/\/revistabife.com\/index.php\/wp-json\/wp\/v2\/posts"}],"about":[{"href":"https:\/\/revistabife.com\/index.php\/wp-json\/wp\/v2\/types\/post"}],"author":[{"embeddable":true,"href":"https:\/\/revistabife.com\/index.php\/wp-json\/wp\/v2\/users\/1"}],"replies":[{"embeddable":true,"href":"https:\/\/revistabife.com\/index.php\/wp-json\/wp\/v2\/comments?post=30028"}],"version-history":[{"count":1,"href":"https:\/\/revistabife.com\/index.php\/wp-json\/wp\/v2\/posts\/30028\/revisions"}],"predecessor-version":[{"id":30030,"href":"https:\/\/revistabife.com\/index.php\/wp-json\/wp\/v2\/posts\/30028\/revisions\/30030"}],"wp:featuredmedia":[{"embeddable":true,"href":"https:\/\/revistabife.com\/index.php\/wp-json\/wp\/v2\/media\/30029"}],"wp:attachment":[{"href":"https:\/\/revistabife.com\/index.php\/wp-json\/wp\/v2\/media?parent=30028"}],"wp:term":[{"taxonomy":"category","embeddable":true,"href":"https:\/\/revistabife.com\/index.php\/wp-json\/wp\/v2\/categories?post=30028"},{"taxonomy":"post_tag","embeddable":true,"href":"https:\/\/revistabife.com\/index.php\/wp-json\/wp\/v2\/tags?post=30028"}],"curies":[{"name":"wp","href":"https:\/\/api.w.org\/{rel}","templated":true}]}}