{"id":30021,"date":"2023-03-09T11:38:44","date_gmt":"2023-03-09T14:38:44","guid":{"rendered":"http:\/\/revistabife.com\/?p=30021"},"modified":"2023-03-09T11:38:53","modified_gmt":"2023-03-09T14:38:53","slug":"quieren-incorporar-el-mate-en-las-escuelas","status":"publish","type":"post","link":"https:\/\/revistabife.com\/index.php\/2023\/03\/09\/quieren-incorporar-el-mate-en-las-escuelas\/","title":{"rendered":"Quieren incorporar el mate en las escuelas"},"content":{"rendered":"\n<p class=\"has-drop-cap has-medium-font-size\">\n\nLa infusi\u00f3n m\u00e1s popular de la Argentina, el mate, ser\u00e1 promocionada en todas las escuelas del pa\u00eds, de prosperar una iniciativa que llevan adelante el Instituto Nacional de la Yerba Mate (INYN) y la provincia de Misiones.<\/p>\n\n\n\n<p class=\"has-medium-font-size\">Las instituciones buscan incentivar al ministerio de Educaci\u00f3n de la Naci\u00f3n para que la medida se adopte.<\/p>\n\n\n\n<p class=\"has-medium-font-size\">En ese marco, el presidente del INYM, Juan Jos\u00e9 Szychowski y el gobernador de Misiones, Oscar Herrera Ahuad, mantuvieron los primeros d\u00edas de marzo, un encuentro con el ministro de Educaci\u00f3n de la Naci\u00f3n, Jaime Perczyk, donde se propuso llevar a todo el pa\u00eds el programa \u201cEl Mate en la Escuela\u201d, que ya se instrumenta en Misiones, por medio de un convenio entre el INYM y el Ministerio de Cultura, Educaci\u00f3n,<\/p>\n\n\n\n<p class=\"has-medium-font-size\">Cabe recordar que la iniciativa incluye contenidos pedag\u00f3gicos relacionados a la producci\u00f3n de yerba mate, su valor hist\u00f3rico, social y cultural; como as\u00ed tambi\u00e9n las propiedades y beneficio que tiene su consumo en la salud humana. Al mismo tiempo, el INYM provee a los alumnos mates autocebantes, yerba mate y dispensers de agua caliente.<\/p>\n\n\n\n<p class=\"has-medium-font-size\">El a\u00f1o pasado el Mate en la Escuela se instrument\u00f3 en los cursos de 3, 4 y 5 a\u00f1o en la EFA Cristo Rey de Los Helechos; los bachilleratos Orientados Provincial N 54 de Andresito, N 32 de Azara, N 7 de Dos de Mayo y N 9 de Posadas; el Colegio 2 de Itaemb\u00e9 Min\u00ed, tambi\u00e9n en esta \u00faltima ciudad; en la Escuela Normal Mariano Moreno de Ap\u00f3stoles y en el Centro Educativo Polimodal N 8 de Ober\u00e1. En todas las escuelas se dictaron talleres, charlas, y se distribuyeron los mates autocebantes.\n\n<\/p>\n","protected":false},"excerpt":{"rendered":"<p>La infusi\u00f3n m\u00e1s popular de la Argentina, el mate, ser\u00e1 promocionada en todas las escuelas<\/p>\n","protected":false},"author":1,"featured_media":30022,"comment_status":"closed","ping_status":"open","sticky":false,"template":"","format":"standard","meta":{"om_disable_all_campaigns":false,"_monsterinsights_skip_tracking":false,"_monsterinsights_sitenote_active":false,"_monsterinsights_sitenote_note":"","_monsterinsights_sitenote_category":0,"_uf_show_specific_survey":0,"_uf_disable_surveys":false,"footnotes":""},"categories":[32,1868],"tags":[],"class_list":["post-30021","post","type-post","status-publish","format-standard","has-post-thumbnail","hentry","category-actualidad","category-nacionales-2"],"aioseo_notices":[],"_links":{"self":[{"href":"https:\/\/revistabife.com\/index.php\/wp-json\/wp\/v2\/posts\/30021"}],"collection":[{"href":"https:\/\/revistabife.com\/index.php\/wp-json\/wp\/v2\/posts"}],"about":[{"href":"https:\/\/revistabife.com\/index.php\/wp-json\/wp\/v2\/types\/post"}],"author":[{"embeddable":true,"href":"https:\/\/revistabife.com\/index.php\/wp-json\/wp\/v2\/users\/1"}],"replies":[{"embeddable":true,"href":"https:\/\/revistabife.com\/index.php\/wp-json\/wp\/v2\/comments?post=30021"}],"version-history":[{"count":2,"href":"https:\/\/revistabife.com\/index.php\/wp-json\/wp\/v2\/posts\/30021\/revisions"}],"predecessor-version":[{"id":30024,"href":"https:\/\/revistabife.com\/index.php\/wp-json\/wp\/v2\/posts\/30021\/revisions\/30024"}],"wp:featuredmedia":[{"embeddable":true,"href":"https:\/\/revistabife.com\/index.php\/wp-json\/wp\/v2\/media\/30022"}],"wp:attachment":[{"href":"https:\/\/revistabife.com\/index.php\/wp-json\/wp\/v2\/media?parent=30021"}],"wp:term":[{"taxonomy":"category","embeddable":true,"href":"https:\/\/revistabife.com\/index.php\/wp-json\/wp\/v2\/categories?post=30021"},{"taxonomy":"post_tag","embeddable":true,"href":"https:\/\/revistabife.com\/index.php\/wp-json\/wp\/v2\/tags?post=30021"}],"curies":[{"name":"wp","href":"https:\/\/api.w.org\/{rel}","templated":true}]}}