{"id":30018,"date":"2023-03-09T10:19:57","date_gmt":"2023-03-09T13:19:57","guid":{"rendered":"http:\/\/revistabife.com\/?p=30018"},"modified":"2023-03-09T10:19:58","modified_gmt":"2023-03-09T13:19:58","slug":"cpe-avanza-la-red-de-fibra-optica-en-anguil","status":"publish","type":"post","link":"https:\/\/revistabife.com\/index.php\/2023\/03\/09\/cpe-avanza-la-red-de-fibra-optica-en-anguil\/","title":{"rendered":"CPE: Avanza la red de fibra \u00f3ptica en Anguil"},"content":{"rendered":"\n<p class=\"has-drop-cap has-medium-font-size\">Este lunes 6 de marzo, el \u00e1rea de Telecomunicaciones comenz\u00f3 en Anguil la segunda etapa de la construcci\u00f3n de la red de fibra \u00f3ptica, que permitir\u00e1 llevar a esa localidad interconectada a la CPE los servicios de conectividad cooperativos.<\/p>\n\n\n\n<p class=\"has-medium-font-size\">Desde esta semana, se est\u00e1n construyendo los empalmes de fibra y se instalan las cajas de abonados, mientras sigue ejecut\u00e1ndose en otros sectores de Anguil el final de la primera etapa, que contempl\u00f3 el tendido de los cables troncales y redes anexas.<\/p>\n\n\n\n<p class=\"has-medium-font-size\">Al mismo tiempo, personal de CPEtel est\u00e1 acondicionado un sector de la sede cooperativa \u2014ubicada sobre calle Oliver, frente a las v\u00edas del ferrocarril\u2014 donde se montar\u00e1 la cabecera de red. Este martes se instal\u00f3 en el lugar un &#8220;rack&#8221; en el que se ubicar\u00e1n los equipos, y los generadores que permitir\u00e1n abastecer de energ\u00eda a los servicios ante eventuales cortes de luz.<\/p>\n\n\n\n<p class=\"has-medium-font-size\">Con una inversi\u00f3n aproximada de 100 mil d\u00f3lares, que incluye materiales, mano de obra, elementos de cabecera y terminales, la nueva infraestructura de FTTH (del ingl\u00e9s &#8216;fiber to the home&#8217;, es decir fibra al hogar) requiri\u00f3, en primera instancia, la optimizaci\u00f3n del posteado existente para avanzar con el cableado de la fibra \u00f3ptica troncal recientemente concluido.<\/p>\n\n\n\n<p class=\"has-medium-font-size\">Junto con el tendido de la red urbana accesoria, la CPE estar\u00e1 en condiciones de brindar lo que se conoce como Servicios de Tecnolog\u00eda de la Informaci\u00f3n y Comunicaci\u00f3n (TIC), a pr\u00e1cticamente la totalidad de las cerca de 820 viviendas de la localidad. Se estima iniciar la prestaci\u00f3n efectiva durante este mismo primer semestre del a\u00f1o.<\/p>\n\n\n\n<p class=\"has-medium-font-size\">La fibra \u00f3ptica confiere a la conexi\u00f3n una mayor inmunidad durante las tormentas el\u00e9ctricas, adem\u00e1s de evitar interferencias por el ingreso a la red de se\u00f1ales electr\u00f3nicas o de otras transmisiones f\u00edsicas y a\u00e9reas habituales.\n\n<\/p>\n","protected":false},"excerpt":{"rendered":"<p>Este lunes 6 de marzo, el \u00e1rea de Telecomunicaciones comenz\u00f3 en Anguil la segunda etapa<\/p>\n","protected":false},"author":1,"featured_media":30019,"comment_status":"closed","ping_status":"open","sticky":false,"template":"","format":"standard","meta":{"om_disable_all_campaigns":false,"_monsterinsights_skip_tracking":false,"_monsterinsights_sitenote_active":false,"_monsterinsights_sitenote_note":"","_monsterinsights_sitenote_category":0,"_uf_show_specific_survey":0,"_uf_disable_surveys":false,"footnotes":""},"categories":[32,1913],"tags":[],"class_list":["post-30018","post","type-post","status-publish","format-standard","has-post-thumbnail","hentry","category-actualidad","category-porvinciales"],"aioseo_notices":[],"_links":{"self":[{"href":"https:\/\/revistabife.com\/index.php\/wp-json\/wp\/v2\/posts\/30018"}],"collection":[{"href":"https:\/\/revistabife.com\/index.php\/wp-json\/wp\/v2\/posts"}],"about":[{"href":"https:\/\/revistabife.com\/index.php\/wp-json\/wp\/v2\/types\/post"}],"author":[{"embeddable":true,"href":"https:\/\/revistabife.com\/index.php\/wp-json\/wp\/v2\/users\/1"}],"replies":[{"embeddable":true,"href":"https:\/\/revistabife.com\/index.php\/wp-json\/wp\/v2\/comments?post=30018"}],"version-history":[{"count":1,"href":"https:\/\/revistabife.com\/index.php\/wp-json\/wp\/v2\/posts\/30018\/revisions"}],"predecessor-version":[{"id":30020,"href":"https:\/\/revistabife.com\/index.php\/wp-json\/wp\/v2\/posts\/30018\/revisions\/30020"}],"wp:featuredmedia":[{"embeddable":true,"href":"https:\/\/revistabife.com\/index.php\/wp-json\/wp\/v2\/media\/30019"}],"wp:attachment":[{"href":"https:\/\/revistabife.com\/index.php\/wp-json\/wp\/v2\/media?parent=30018"}],"wp:term":[{"taxonomy":"category","embeddable":true,"href":"https:\/\/revistabife.com\/index.php\/wp-json\/wp\/v2\/categories?post=30018"},{"taxonomy":"post_tag","embeddable":true,"href":"https:\/\/revistabife.com\/index.php\/wp-json\/wp\/v2\/tags?post=30018"}],"curies":[{"name":"wp","href":"https:\/\/api.w.org\/{rel}","templated":true}]}}