{"id":30015,"date":"2023-03-09T09:52:59","date_gmt":"2023-03-09T12:52:59","guid":{"rendered":"http:\/\/revistabife.com\/?p=30015"},"modified":"2023-03-09T09:53:00","modified_gmt":"2023-03-09T12:53:00","slug":"violento-miercoles-en-el-obreros-de-la-construccion-un-joven-agredio-con-piedrazos-en-la-cabeza-a-vecinos-de-su-hermana","status":"publish","type":"post","link":"https:\/\/revistabife.com\/index.php\/2023\/03\/09\/violento-miercoles-en-el-obreros-de-la-construccion-un-joven-agredio-con-piedrazos-en-la-cabeza-a-vecinos-de-su-hermana\/","title":{"rendered":"Violento mi\u00e9rcoles en el Obreros de la Construcci\u00f3n: Un joven agredi\u00f3 con piedrazos en la cabeza a vecinos de su hermana"},"content":{"rendered":"\n<p class=\"has-drop-cap has-medium-font-size\">Este mi\u00e9rcoles en horas del mediod\u00eda un violento episodio se origin\u00f3 en el barrio Obrero de la Construcci\u00f3n cuando una discusi\u00f3n entre vecinos fue subiendo de tono y termin\u00f3 con una mujer y un hombre con heridas en sus cabezas como consecuencia de unos piedrazos.<\/p>\n\n\n\n<p class=\"has-medium-font-size\">Fuentes de las Seccional Segunda se\u00f1alaron a \ud835\ude3d\ud835\ude44\ud835\ude41\ud835\ude40 que un conflicto entre vecinos que ven\u00eda de \u201cvieja data\u201d termin\u00f3 en agresi\u00f3n cuando el hermano de una mujer, vecina de la pereja agredida, se meti\u00f3 en la discusi\u00f3n que ella estaba teniendo en la vereda. En ese momento el joven le arroj\u00f3 piedrazos tanto al hombre como a su concubina provoc\u00e1ndole a ambos lesiones en el cuero cabelludo.<\/p>\n\n\n\n<p class=\"has-medium-font-size\">Personal del SEM acudi\u00f3 a Catriel al 700 para asistir al hombre de unos 50 a\u00f1os y a su pareja de 48.<\/p>\n\n\n\n<p class=\"has-medium-font-size\">Los dos fueron trasladados al Molas y posteriormente realizaron la denuncia correspondiente.<\/p>\n\n\n\n<p class=\"has-medium-font-size\">En tanto, el agresor fue demorado y puesto en libertad horas m\u00e1s tarde. \u201cSe trata de una persona conflictiva\u201d, confirmaron fuentes policiales a \ud835\ude3d\ud835\ude44\ud835\ude41\ud835\ude40.\n\n<\/p>\n","protected":false},"excerpt":{"rendered":"<p>Este mi\u00e9rcoles en horas del mediod\u00eda un violento episodio se origin\u00f3 en el barrio Obrero<\/p>\n","protected":false},"author":1,"featured_media":30016,"comment_status":"closed","ping_status":"open","sticky":false,"template":"","format":"standard","meta":{"om_disable_all_campaigns":false,"_monsterinsights_skip_tracking":false,"_monsterinsights_sitenote_active":false,"_monsterinsights_sitenote_note":"","_monsterinsights_sitenote_category":0,"_uf_show_specific_survey":0,"_uf_disable_surveys":false,"footnotes":""},"categories":[32,1913],"tags":[],"class_list":["post-30015","post","type-post","status-publish","format-standard","has-post-thumbnail","hentry","category-actualidad","category-porvinciales"],"aioseo_notices":[],"_links":{"self":[{"href":"https:\/\/revistabife.com\/index.php\/wp-json\/wp\/v2\/posts\/30015"}],"collection":[{"href":"https:\/\/revistabife.com\/index.php\/wp-json\/wp\/v2\/posts"}],"about":[{"href":"https:\/\/revistabife.com\/index.php\/wp-json\/wp\/v2\/types\/post"}],"author":[{"embeddable":true,"href":"https:\/\/revistabife.com\/index.php\/wp-json\/wp\/v2\/users\/1"}],"replies":[{"embeddable":true,"href":"https:\/\/revistabife.com\/index.php\/wp-json\/wp\/v2\/comments?post=30015"}],"version-history":[{"count":1,"href":"https:\/\/revistabife.com\/index.php\/wp-json\/wp\/v2\/posts\/30015\/revisions"}],"predecessor-version":[{"id":30017,"href":"https:\/\/revistabife.com\/index.php\/wp-json\/wp\/v2\/posts\/30015\/revisions\/30017"}],"wp:featuredmedia":[{"embeddable":true,"href":"https:\/\/revistabife.com\/index.php\/wp-json\/wp\/v2\/media\/30016"}],"wp:attachment":[{"href":"https:\/\/revistabife.com\/index.php\/wp-json\/wp\/v2\/media?parent=30015"}],"wp:term":[{"taxonomy":"category","embeddable":true,"href":"https:\/\/revistabife.com\/index.php\/wp-json\/wp\/v2\/categories?post=30015"},{"taxonomy":"post_tag","embeddable":true,"href":"https:\/\/revistabife.com\/index.php\/wp-json\/wp\/v2\/tags?post=30015"}],"curies":[{"name":"wp","href":"https:\/\/api.w.org\/{rel}","templated":true}]}}