{"id":30012,"date":"2023-03-09T09:35:05","date_gmt":"2023-03-09T12:35:05","guid":{"rendered":"http:\/\/revistabife.com\/?p=30012"},"modified":"2023-03-09T09:35:06","modified_gmt":"2023-03-09T12:35:06","slug":"cerrar-la-brecha-de-genero-no-debe-ser-una-utopia-sino-un-desafio-de-todas-y-todos-dijo-ziliotto","status":"publish","type":"post","link":"https:\/\/revistabife.com\/index.php\/2023\/03\/09\/cerrar-la-brecha-de-genero-no-debe-ser-una-utopia-sino-un-desafio-de-todas-y-todos-dijo-ziliotto\/","title":{"rendered":"\u201cCerrar la brecha de g\u00e9nero no debe ser una utop\u00eda, sino un desaf\u00edo de todas y todos\u201d, dijo Ziliotto"},"content":{"rendered":"\n<p class=\"has-drop-cap has-medium-font-size\">En el marco de las actividades por el Mes Internacional de la Mujer, el gobernador Sergio Ziliotto particip\u00f3 hoy del lanzamiento de la edici\u00f3n 2023 del programa \u201cEmprender La Pampa\u201d, donde anunci\u00f3 que se incrementar\u00e1n a \u201c35 los puntos de subsidio de tasas en todas las l\u00edneas de cr\u00e9dito del Banco de La Pampa para aquellos proyectos que sean liderados por mujeres\u201d. Durante el encuentro, la ministra de la Producci\u00f3n, Fernanda Gonz\u00e1lez, inform\u00f3 que se crear\u00e1 el \u201cGabinete de Producci\u00f3n con Perspectiva de G\u00e9nero&#8221;.<\/p>\n\n\n\n<p class=\"has-medium-font-size\">\n\nEl Gobierno de La Pampa, a trav\u00e9s del Ministerio de la Producci\u00f3n lanz\u00f3, en 2022, el programa \u201cEmprender La Pampa\u201d, que nuclea las pol\u00edticas p\u00fablicas de desarrollo emprendedor. En esta segunda edici\u00f3n se profundiz\u00f3 la perspectiva de g\u00e9nero, se informaron las nuevas iniciativas y adecuaciones que permitir\u00e1n aplicar las pol\u00edticas p\u00fablicas implementadas.<br>Acompa\u00f1aron al mandatario pampeano, la vicepresidenta primera de la C\u00e1mara de Diputados, Alicia Mayoral; la secretaria de la Mujer, G\u00e9neros y Diversidad, Liliana Robledo y &nbsp;la ministra de la Producci\u00f3n, Fernanda Gonz\u00e1lez; entre otras funcionarias y funcionarios de esas carteras. Adem\u00e1s, asistieron intendentas e intendentes, representantes de otros poderes, de la UNLPam y&nbsp; de manera virtual la coordinadora del Gabinete de G\u00e9nero de la Secretar\u00eda de Industria y Desarrollo Productivo del Estado Nacional, Paula Basald\u00faa.<br>En el inicio de la presentaci\u00f3n, el Gobernador y la viceintendenta de Santa Rosa recibieron, por parte de la Confederaci\u00f3n General del Trabajo de La Pampa -CGT-, un proyecto de reconocimiento a la mujer trabajadora, que ser\u00eda el primero en el pa\u00eds, y que consiste en la creaci\u00f3n de un monumento a la mujer trabajadora que puede emplazarse acompa\u00f1ando el monumento al trabajador situado frente a la Municipalidad de Santa Rosa.<\/p>\n\n\n\n<p class=\"has-medium-font-size\"><strong>\u201cCerrar la brecha de g\u00e9nero\u201d<\/strong><br>Ziliotto celebr\u00f3 el ser parte de una jornada \u201cde reflexi\u00f3n,&nbsp; reconocimiento y ratificaci\u00f3n de pol\u00edticas p\u00fablicas orientadas a la inclusi\u00f3n y la igualdad de oportunidades\u201d, y sostuvo que \u201cla oportunidad nos convoca a seguir trabajando, porque la sociedad demanda y nos corresponde a nosotros dar respuestas\u201d.<br>Puntualiz\u00f3 que en \u201cen este caso estamos buscando cerrar la brecha de g\u00e9nero a partir del mayor ordenador social que es el trabajo. La inclusi\u00f3n, en este caso, es el acceso al trabajo sin discriminaci\u00f3n y en igualdad de oportunidades en cada rinc\u00f3n de la Provincia\u201d.<br>El mandatario subray\u00f3 que en La Pampa, \u201cno por esta gesti\u00f3n sino a trav\u00e9s de los a\u00f1os, tenemos una mirada inclusiva. No es casualidad que estad\u00edsticas nacionales e internacionales nos ubican como la Provincia con mayor igualdad de oportunidades y menos brecha salarial entre hombres y mujeres\u201d.<br>En relaci\u00f3n al programa &#8220;Emprender La Pampa&#8221; destac\u00f3 que en el marco \u201cde las desigualdades a\u00fan existentes, no es casualidad que el 48 % de las beneficiarias sean mujeres,&nbsp; y tampoco lo es la inclusi\u00f3n financiera asentada en el Banco de La Pampa y el FoGaPam que nos permiti\u00f3 incluir a much\u00edsimas pampeanas y pampeanos, destac\u00e1ndose que el 73 % de los proyectos est\u00e1n liderados por mujeres\u201d.<\/p>\n\n\n\n<p class=\"has-medium-font-size\"><strong>Construcci\u00f3n colectiva sin grietas<\/strong><br>Ziliotto enfatiz\u00f3 que \u201clas pol\u00edticas p\u00fablicas son una construcci\u00f3n colectiva\u201d y destac\u00f3 que el Gabinete de Producci\u00f3n con Perspectiva de G\u00e9nero, \u201cdebe promover un ordenamiento que contenga todos los sectores que trabajan en la producci\u00f3n bajo una mirada inclusiva\u201d.<br>En este sentido dijo que \u201cdebe ser una estructura din\u00e1mica, un \u00e1mbito de trabajo y superaci\u00f3n&nbsp; que contenga a todos: Gobierno provincial, Gobiernos municipales y el sector privado. Debemos trabajar unidos, saliendo de los malos augurios que hablan de una sociedad que se despedaza\u201d.<br>Convoc\u00f3 a los y las presentes a \u201ctrabajar en conjunto, sin grietas, porque esa es la forma de&nbsp; construir una sociedad m\u00e1s igualitaria, en la que todos tenemos responsabilidades, pero mucho mayor es la de quienes tenemos la responsabilidad de gobernar\u201d.<br>Finalmente reiter\u00f3 que es necesario \u201ctrabajar para eliminar desigualdades.&nbsp; Cerrar la brecha de g\u00e9nero no debe ser una utop\u00eda, sino un desaf\u00edo de todas y todos\u201d.<\/p>\n\n\n\n<p class=\"has-medium-font-size\"><strong>Gabinete de Producci\u00f3n con perspectiva de g\u00e9nero<\/strong><br>Fernanda Gonz\u00e1lez puso en valor la decisi\u00f3n pol\u00edtica del Gobernador que \u201cnos permite llevar adelante un modelo de gesti\u00f3n que apunta al desarrollo econ\u00f3mico y fortalecimiento de la calidad de vida en cada rinc\u00f3n de la Provincia, desde una mirada inclusiva e igualitaria\u201d.<br>\u201cDurante 2023 queremos profundizar las acciones, generar nuevas actividades y herramientas. Se actualizar\u00e1n las l\u00edneas de cr\u00e9ditos y se crear\u00e1 el Gabinete de Producci\u00f3n con perspectiva de g\u00e9nero, que ser\u00e1 un \u00e1mbito que incluir\u00e1 distintas reparticiones gubernamentales, organismos p\u00fablicos y privados, y que permitir\u00e1 consolidar la institucionalidad de g\u00e9nero y diversidad en el entramado productivo e impulsar el compromiso de los actores\u201d.<\/p>\n\n\n\n<p class=\"has-medium-font-size\"><strong>Autonom\u00eda econ\u00f3mica<\/strong><br>La secretaria de la Mujer, Liliana Robledo, destac\u00f3 \u201cla decisi\u00f3n pol\u00edtica y la convicci\u00f3n que tiene el Gobernador a la hora de atender, dentro del gabinete, distintas instancias de cambios estructurales reales que necesitamos para el empoderamiento de las mujeres\u201d.<br>\u201cPara una mujer es muy importante ser aut\u00f3noma en su econom\u00eda para llevar adelante con fortaleza su quehacer diario. En el sector emprendedor quienes inician su unidad de negocio, son mayoritariamente mujeres, pero cuando ese negocio toma volumen pasa a manos de alg\u00fan var\u00f3n, seg\u00fan las estad\u00edsticas. Por eso celebro que durante 2022 se hayan realizado las capacitaciones, para que las mujeres y las diversidades contin\u00faen con el proceso de la conducci\u00f3n de su propia vida de negocio y que no cedan ese espacio que tanto cost\u00f3 construir\u201d.<\/p>\n\n\n\n<p class=\"has-medium-font-size\"><strong>\u201cNo ser neutrales\u201d para resolver la brecha<\/strong><br>Paula Basald\u00faa, coordinadora del Gabinete de G\u00e9nero de la Secretar\u00eda de Industria y Desarrollo Productivo de la Naci\u00f3n, desde Tierra del Fuego, se mostr\u00f3 muy feliz por la posibilidad de participar virtualmente del encuentro y afirm\u00f3 que las pol\u00edticas con perspectiva de g\u00e9nero son posibles por \u201cla decisi\u00f3n pol\u00edtica de las autoridades m\u00e1ximas de la Provincia y beneficiar\u00e1 much\u00edsimo a las mujeres pampeanas\u201d.<br>\u201cEn este 8 de marzo quiero hacer una reflexi\u00f3n en torno al trabajo de las mujeres argentinas, que es doble: remunerado y no remunerado, que es el que incide en la brecha de g\u00e9nero. Este trabajo de cuidado, de reproducci\u00f3n de la vida, que no es reconocido ni valorado y que si se midiera impactar\u00eda en un 15% en el PBI; es un factor estructural de la desigualdad de g\u00e9nero. Es un promedio de seis horas y media por d\u00eda, mientras que en los varones es la mitad\u201d.<br>\u201cResolver esa brecha -analiz\u00f3-, con esta transversalidad de g\u00e9nero, implica no ser neutrales en las desigualdades de g\u00e9nero. Eso es lo que hacemos desde el gabinete y con la creaci\u00f3n del gabinete de La Pampa avanzar\u00e1n much\u00edsimo en el desarrollo productivo, para contribuir a cerrar las brechas. Desde nuestro rol acompa\u00f1aremos los esfuerzos para incorporar la perspectiva de g\u00e9nero de la manera m\u00e1s profunda, porque hacerlo tiene un fuerte impacto\u201d, dijo Basald\u00faa. <\/p>\n","protected":false},"excerpt":{"rendered":"<p>En el marco de las actividades por el Mes Internacional de la Mujer, el gobernador<\/p>\n","protected":false},"author":1,"featured_media":30013,"comment_status":"closed","ping_status":"open","sticky":false,"template":"","format":"standard","meta":{"om_disable_all_campaigns":false,"_monsterinsights_skip_tracking":false,"_monsterinsights_sitenote_active":false,"_monsterinsights_sitenote_note":"","_monsterinsights_sitenote_category":0,"_uf_show_specific_survey":0,"_uf_disable_surveys":false,"footnotes":""},"categories":[32,1913],"tags":[],"class_list":["post-30012","post","type-post","status-publish","format-standard","has-post-thumbnail","hentry","category-actualidad","category-porvinciales"],"aioseo_notices":[],"_links":{"self":[{"href":"https:\/\/revistabife.com\/index.php\/wp-json\/wp\/v2\/posts\/30012"}],"collection":[{"href":"https:\/\/revistabife.com\/index.php\/wp-json\/wp\/v2\/posts"}],"about":[{"href":"https:\/\/revistabife.com\/index.php\/wp-json\/wp\/v2\/types\/post"}],"author":[{"embeddable":true,"href":"https:\/\/revistabife.com\/index.php\/wp-json\/wp\/v2\/users\/1"}],"replies":[{"embeddable":true,"href":"https:\/\/revistabife.com\/index.php\/wp-json\/wp\/v2\/comments?post=30012"}],"version-history":[{"count":1,"href":"https:\/\/revistabife.com\/index.php\/wp-json\/wp\/v2\/posts\/30012\/revisions"}],"predecessor-version":[{"id":30014,"href":"https:\/\/revistabife.com\/index.php\/wp-json\/wp\/v2\/posts\/30012\/revisions\/30014"}],"wp:featuredmedia":[{"embeddable":true,"href":"https:\/\/revistabife.com\/index.php\/wp-json\/wp\/v2\/media\/30013"}],"wp:attachment":[{"href":"https:\/\/revistabife.com\/index.php\/wp-json\/wp\/v2\/media?parent=30012"}],"wp:term":[{"taxonomy":"category","embeddable":true,"href":"https:\/\/revistabife.com\/index.php\/wp-json\/wp\/v2\/categories?post=30012"},{"taxonomy":"post_tag","embeddable":true,"href":"https:\/\/revistabife.com\/index.php\/wp-json\/wp\/v2\/tags?post=30012"}],"curies":[{"name":"wp","href":"https:\/\/api.w.org\/{rel}","templated":true}]}}