{"id":30009,"date":"2023-03-09T09:29:20","date_gmt":"2023-03-09T12:29:20","guid":{"rendered":"http:\/\/revistabife.com\/?p=30009"},"modified":"2023-03-09T09:29:20","modified_gmt":"2023-03-09T12:29:20","slug":"llega-nosotras-movemos-el-mundo-por-la-democracia-a-medasur","status":"publish","type":"post","link":"https:\/\/revistabife.com\/index.php\/2023\/03\/09\/llega-nosotras-movemos-el-mundo-por-la-democracia-a-medasur\/","title":{"rendered":"Llega &#8220;Nosotras Movemos el Mundo por la Democracia&#8221; a Medasur"},"content":{"rendered":"\n<p class=\"has-drop-cap has-medium-font-size\">El viernes 10 de marzo se llevar\u00e1 adelante la iniciativa Nosotras Movemos el Mundo por la democracia en Medasur.<\/p>\n\n\n\n<p class=\"has-medium-font-size\">Se trata de una propuesta \u00a0que tiene como objetivo conmemorar el D\u00eda de la Mujer Trabajadora con debates, talleres, reconocimientos y propuestas culturales. En esta oportunidad, tambi\u00e9n se conmemoran los 40 a\u00f1os de democracia.\u00a0Desde la Secretar\u00eda de la Mujer, G\u00e9neros y Diversidad se invit\u00f3\u00a0a participar de esta propuesta que tiene como objetivo compartir momentos de capacitaci\u00f3n, reflexi\u00f3n y aprendizaje.<\/p>\n\n\n\n<p class=\"has-medium-font-size\">La actividad comenzar\u00e1 a las 10, con el recibimiento y las palabras de las autoridades. Luego, se har\u00e1 un reconocimiento a las mujeres pampeanas v\u00edctimas de la dictadura militar. A las 12:30 se podr\u00e1 asistir a la proyecci\u00f3n de las pel\u00edculas \u201cLina de Lima\u201d y el corto \u201cFuera de Campo\u201d. A las 15\u00a0se desarrollar\u00e1 un taller de \u201cESI comunitaria\u201d.<\/p>\n\n\n\n<p class=\"has-medium-font-size\">En el horario de las 17 se realizar\u00e1 un Foro llamado \u201cDesaf\u00edos para el fortalecimiento de la democracia\u201d con la participaci\u00f3n de referentes pol\u00edticas, del comercio, cooperativistas, entre otras. Ya finalizando la jornada, a las 19, habr\u00e1 un cierre musical a cargo de Paola Ru\u00edz D\u00edaz, Adriana Quintero y Mercedes Bustos y a las 20, la Secretar\u00eda de Cultura provincial, inaugurar\u00e1 la muestra \u201cMemoria, Verdad y Justicia. A 40 a\u00f1os del retorno a la democracia\u201d.\u00a0<\/p>\n","protected":false},"excerpt":{"rendered":"<p>El viernes 10 de marzo se llevar\u00e1 adelante la iniciativa Nosotras Movemos el Mundo por<\/p>\n","protected":false},"author":1,"featured_media":30010,"comment_status":"closed","ping_status":"open","sticky":false,"template":"","format":"standard","meta":{"om_disable_all_campaigns":false,"_monsterinsights_skip_tracking":false,"_monsterinsights_sitenote_active":false,"_monsterinsights_sitenote_note":"","_monsterinsights_sitenote_category":0,"_uf_show_specific_survey":0,"_uf_disable_surveys":false,"footnotes":""},"categories":[32,1913],"tags":[],"class_list":["post-30009","post","type-post","status-publish","format-standard","has-post-thumbnail","hentry","category-actualidad","category-porvinciales"],"aioseo_notices":[],"_links":{"self":[{"href":"https:\/\/revistabife.com\/index.php\/wp-json\/wp\/v2\/posts\/30009"}],"collection":[{"href":"https:\/\/revistabife.com\/index.php\/wp-json\/wp\/v2\/posts"}],"about":[{"href":"https:\/\/revistabife.com\/index.php\/wp-json\/wp\/v2\/types\/post"}],"author":[{"embeddable":true,"href":"https:\/\/revistabife.com\/index.php\/wp-json\/wp\/v2\/users\/1"}],"replies":[{"embeddable":true,"href":"https:\/\/revistabife.com\/index.php\/wp-json\/wp\/v2\/comments?post=30009"}],"version-history":[{"count":1,"href":"https:\/\/revistabife.com\/index.php\/wp-json\/wp\/v2\/posts\/30009\/revisions"}],"predecessor-version":[{"id":30011,"href":"https:\/\/revistabife.com\/index.php\/wp-json\/wp\/v2\/posts\/30009\/revisions\/30011"}],"wp:featuredmedia":[{"embeddable":true,"href":"https:\/\/revistabife.com\/index.php\/wp-json\/wp\/v2\/media\/30010"}],"wp:attachment":[{"href":"https:\/\/revistabife.com\/index.php\/wp-json\/wp\/v2\/media?parent=30009"}],"wp:term":[{"taxonomy":"category","embeddable":true,"href":"https:\/\/revistabife.com\/index.php\/wp-json\/wp\/v2\/categories?post=30009"},{"taxonomy":"post_tag","embeddable":true,"href":"https:\/\/revistabife.com\/index.php\/wp-json\/wp\/v2\/tags?post=30009"}],"curies":[{"name":"wp","href":"https:\/\/api.w.org\/{rel}","templated":true}]}}