{"id":30002,"date":"2023-03-08T20:28:16","date_gmt":"2023-03-08T23:28:16","guid":{"rendered":"http:\/\/revistabife.com\/?p=30002"},"modified":"2023-03-08T20:28:17","modified_gmt":"2023-03-08T23:28:17","slug":"las-mujeres-comandan-una-maquinista-en-la-obra-de-saneamiento-de-santa-rosa","status":"publish","type":"post","link":"https:\/\/revistabife.com\/index.php\/2023\/03\/08\/las-mujeres-comandan-una-maquinista-en-la-obra-de-saneamiento-de-santa-rosa\/","title":{"rendered":"Las mujeres comandan: Una maquinista en la obra de saneamiento de Santa Rosa"},"content":{"rendered":"\n<p class=\"has-drop-cap has-medium-font-size\">En la obra que avanza sobre la calle Joaqu\u00edn Ferro de Santa Rosa, trabaja Gisella Fern\u00e1ndez, una joven de 33 a\u00f1os que se desempe\u00f1a como maquinista.<\/p>\n\n\n\n<p class=\"has-medium-font-size\">Gisella Fern\u00e1ndez, es de Santa Rosa y coment\u00f3 que, \u201cempec\u00e9 a trabajar en la empresa de Carlos Massera manejando el combinado, despu\u00e9s pas\u00e9 a las palas retro excavadoras, a la mini y hoy en d\u00eda manejo todas las m\u00e1quinas de la constructora\u201d.<\/p>\n\n\n\n<p class=\"has-medium-font-size\">\u201cCuando comenc\u00e9 a trabajar, en un principio fue medio chocante para los chicos y para m\u00ed, era y soy la \u00fanica mujer. Parec\u00eda raro que una mujer entrara a la obra en una funci\u00f3n ejecutiva como manejar una m\u00e1quina, pero en poco tiempo nos adaptamos y hay un compa\u00f1erismo total, convivimos muy bien\u201d.<\/p>\n\n\n\n<p class=\"has-medium-font-size\">Coment\u00f3 por qu\u00e9 tom\u00f3 la iniciativa de manejar maquinarias en las obras \u201cme cri\u00e9 entre la maquinaria por la profesi\u00f3n de mi pap\u00e1, siempre me gust\u00f3 todo lo que ten\u00eda que ver con obras. Un d\u00eda, hace m\u00e1s o menos dos a\u00f1os, fui a ver a Carlos Massera que hab\u00eda recibido un combinado, una m\u00e1quina que se usa para asfaltar y me dio mi primer empleo en este rubro. Carlos fue mi mentor, gracias a \u00e9l tengo esta profesi\u00f3n y la posibilidad de trabajar en lo que me gusta\u201d.<\/p>\n\n\n\n<p class=\"has-medium-font-size\">\u201cMi d\u00eda de trabajo empieza a las 7 de la ma\u00f1ana y por lo general termina a las 3 de la tarde, aunque algunas veces se puede extender la jornada laboral, alg\u00fan imprevisto puede suceder, algo en la obra que se complica y debemos solucionarlo. Las obras p\u00fablicas requieren suma atenci\u00f3n, son infraestructuras muy grandes y demandan mucha responsabilidad, de lo que hacemos nosotros va a depender el servicio que tenga la gente\u201d.<\/p>\n\n\n\n<p class=\"has-medium-font-size\">\u201cPor ah\u00ed mi destino ya estaba escrito, me encanta andar en las obras, en las palas, esta profesi\u00f3n es la que eleg\u00ed y tengo la suerte de trabajar en lo que me gusta, veo que mi futuro est\u00e1 ac\u00e1 en busca del progreso y la superaci\u00f3n personal\u201d, reflexion\u00f3.<\/p>\n\n\n\n<p class=\"has-medium-font-size\">Consultada por su familia, Gisella dijo \u201csoy mam\u00e1 de una nena de ocho a\u00f1os y tengo tres hijos del coraz\u00f3n. Mis hijos en un principio se tuvieron que acostumbrar a mi trabajo, porque de estar todo el d\u00eda con ellos a comenzar en las obras, fue un gran cambio en la familia&#8221;, concluy\u00f3.\n\n<\/p>\n","protected":false},"excerpt":{"rendered":"<p>En la obra que avanza sobre la calle Joaqu\u00edn Ferro de Santa Rosa, trabaja Gisella<\/p>\n","protected":false},"author":1,"featured_media":30003,"comment_status":"closed","ping_status":"open","sticky":false,"template":"","format":"standard","meta":{"om_disable_all_campaigns":false,"_monsterinsights_skip_tracking":false,"_monsterinsights_sitenote_active":false,"_monsterinsights_sitenote_note":"","_monsterinsights_sitenote_category":0,"_uf_show_specific_survey":0,"_uf_disable_surveys":false,"footnotes":""},"categories":[32,1913],"tags":[],"class_list":["post-30002","post","type-post","status-publish","format-standard","has-post-thumbnail","hentry","category-actualidad","category-porvinciales"],"aioseo_notices":[],"_links":{"self":[{"href":"https:\/\/revistabife.com\/index.php\/wp-json\/wp\/v2\/posts\/30002"}],"collection":[{"href":"https:\/\/revistabife.com\/index.php\/wp-json\/wp\/v2\/posts"}],"about":[{"href":"https:\/\/revistabife.com\/index.php\/wp-json\/wp\/v2\/types\/post"}],"author":[{"embeddable":true,"href":"https:\/\/revistabife.com\/index.php\/wp-json\/wp\/v2\/users\/1"}],"replies":[{"embeddable":true,"href":"https:\/\/revistabife.com\/index.php\/wp-json\/wp\/v2\/comments?post=30002"}],"version-history":[{"count":1,"href":"https:\/\/revistabife.com\/index.php\/wp-json\/wp\/v2\/posts\/30002\/revisions"}],"predecessor-version":[{"id":30004,"href":"https:\/\/revistabife.com\/index.php\/wp-json\/wp\/v2\/posts\/30002\/revisions\/30004"}],"wp:featuredmedia":[{"embeddable":true,"href":"https:\/\/revistabife.com\/index.php\/wp-json\/wp\/v2\/media\/30003"}],"wp:attachment":[{"href":"https:\/\/revistabife.com\/index.php\/wp-json\/wp\/v2\/media?parent=30002"}],"wp:term":[{"taxonomy":"category","embeddable":true,"href":"https:\/\/revistabife.com\/index.php\/wp-json\/wp\/v2\/categories?post=30002"},{"taxonomy":"post_tag","embeddable":true,"href":"https:\/\/revistabife.com\/index.php\/wp-json\/wp\/v2\/tags?post=30002"}],"curies":[{"name":"wp","href":"https:\/\/api.w.org\/{rel}","templated":true}]}}