{"id":29999,"date":"2023-03-08T11:24:30","date_gmt":"2023-03-08T14:24:30","guid":{"rendered":"http:\/\/revistabife.com\/?p=29999"},"modified":"2023-03-08T11:24:31","modified_gmt":"2023-03-08T14:24:31","slug":"sigue-sin-aparecer-la-adolescente-de-15-anos-de-santa-rosa","status":"publish","type":"post","link":"https:\/\/revistabife.com\/index.php\/2023\/03\/08\/sigue-sin-aparecer-la-adolescente-de-15-anos-de-santa-rosa\/","title":{"rendered":"Sigue sin aparecer la adolescente de 15 a\u00f1os de Santa Rosa"},"content":{"rendered":"\n<p class=\"has-drop-cap has-medium-font-size\">Ya pasaron casi 48hs desde la desaparici\u00f3n de Leticia Gisela Obejero y a\u00fan no hay novedades sobre su paradero.<\/p>\n\n\n\n<p class=\"has-medium-font-size\">En comunicaci\u00f3n con <strong>BIFE<\/strong>, fuentes de la Unidad Funcional de G\u00e9nero y Ni\u00f1ez informaron que todav\u00eda no pudieron dar con la adolescente de 15 a\u00f1os que est\u00e1 desaparecida desde el 6 de marzo.<\/p>\n\n\n\n<p class=\"has-medium-font-size\"><strong>BIFE<\/strong> pudo constatar que la joven al momento de su desaparici\u00f3n habitaba uno de los asentamientos de la ciudad de Santa Rosa.<\/p>\n\n\n\n<p class=\"has-medium-font-size\">Al momento de ausentarse vest\u00eda calza azul oscura y letras blancas, campera azul del mismo conjunto. Es de contextura robusta, 1.55 m. de estatura aproximadamente, tez blanca, pelo casta\u00f1o oscuro atado y tiene un arito en forma de barra en la oreja izquierda.<\/p>\n\n\n\n<p class=\"has-medium-font-size\">Cualquier informaci\u00f3n sobre la adolescente comunicarse al tel: 02954-437608 \u00f3 422755, correo electr\u00f3nico: ufgnaareaninez@policialp.gob.ar, o acercarse la Dependencia policial m\u00e1s cercana.\n\n<\/p>\n","protected":false},"excerpt":{"rendered":"<p>Ya pasaron casi 48hs desde la desaparici\u00f3n de Leticia Gisela Obejero y a\u00fan no hay<\/p>\n","protected":false},"author":1,"featured_media":30000,"comment_status":"closed","ping_status":"open","sticky":false,"template":"","format":"standard","meta":{"om_disable_all_campaigns":false,"_monsterinsights_skip_tracking":false,"_monsterinsights_sitenote_active":false,"_monsterinsights_sitenote_note":"","_monsterinsights_sitenote_category":0,"_uf_show_specific_survey":0,"_uf_disable_surveys":false,"footnotes":""},"categories":[32,1913],"tags":[],"class_list":["post-29999","post","type-post","status-publish","format-standard","has-post-thumbnail","hentry","category-actualidad","category-porvinciales"],"aioseo_notices":[],"_links":{"self":[{"href":"https:\/\/revistabife.com\/index.php\/wp-json\/wp\/v2\/posts\/29999"}],"collection":[{"href":"https:\/\/revistabife.com\/index.php\/wp-json\/wp\/v2\/posts"}],"about":[{"href":"https:\/\/revistabife.com\/index.php\/wp-json\/wp\/v2\/types\/post"}],"author":[{"embeddable":true,"href":"https:\/\/revistabife.com\/index.php\/wp-json\/wp\/v2\/users\/1"}],"replies":[{"embeddable":true,"href":"https:\/\/revistabife.com\/index.php\/wp-json\/wp\/v2\/comments?post=29999"}],"version-history":[{"count":1,"href":"https:\/\/revistabife.com\/index.php\/wp-json\/wp\/v2\/posts\/29999\/revisions"}],"predecessor-version":[{"id":30001,"href":"https:\/\/revistabife.com\/index.php\/wp-json\/wp\/v2\/posts\/29999\/revisions\/30001"}],"wp:featuredmedia":[{"embeddable":true,"href":"https:\/\/revistabife.com\/index.php\/wp-json\/wp\/v2\/media\/30000"}],"wp:attachment":[{"href":"https:\/\/revistabife.com\/index.php\/wp-json\/wp\/v2\/media?parent=29999"}],"wp:term":[{"taxonomy":"category","embeddable":true,"href":"https:\/\/revistabife.com\/index.php\/wp-json\/wp\/v2\/categories?post=29999"},{"taxonomy":"post_tag","embeddable":true,"href":"https:\/\/revistabife.com\/index.php\/wp-json\/wp\/v2\/tags?post=29999"}],"curies":[{"name":"wp","href":"https:\/\/api.w.org\/{rel}","templated":true}]}}