{"id":29995,"date":"2023-03-08T10:21:33","date_gmt":"2023-03-08T13:21:33","guid":{"rendered":"http:\/\/revistabife.com\/?p=29995"},"modified":"2023-03-08T10:21:34","modified_gmt":"2023-03-08T13:21:34","slug":"fue-a-plena-luz-del-dia-apunalaron-a-un-pibe-para-robarle-el-celular","status":"publish","type":"post","link":"https:\/\/revistabife.com\/index.php\/2023\/03\/08\/fue-a-plena-luz-del-dia-apunalaron-a-un-pibe-para-robarle-el-celular\/","title":{"rendered":"Fue a plena luz del d\u00eda: Apu\u00f1alaron a un pibe para robarle el celular"},"content":{"rendered":"\n<p class=\"has-drop-cap has-medium-font-size\">Un violento hecho ocurri\u00f3 en la tarde de este martes a plena luz del d\u00eda cuando apu\u00f1alaron a un chico de 18 a\u00f1os en el populoso barrio Plan 5000<\/p>\n\n\n\n<p class=\"has-medium-font-size\">Ocurri\u00f3 alrededor de las 13:50 horas en la intersecci\u00f3n de las calles Eduardo Castex y Falasca, en el barrio Plan 5.000. Un llamado al CECOM alert\u00f3 al personal de la Seccional Sexta por el caso de un joven tirado en el piso en esa esquina.<\/p>\n\n\n\n<p class=\"has-medium-font-size\">Cuando un patrullero lleg\u00f3 al lugar se encontr\u00f3 con un chico de 18 a\u00f1os de edad, que cont\u00f3 que hab\u00eda sido asaltado y apu\u00f1alado. Adem\u00e1s, brind\u00f3 descripciones de los autores del hecho.<\/p>\n\n\n\n<p class=\"has-medium-font-size\">Luego de llamar a una ambulancia del SEM, el personal de la Sexta inici\u00f3 una recorrida por las inmediaciones hasta que dio con los dos autores del violento robo: ten\u00edan en su poder el arma con la que apu\u00f1alaron al joven y -adem\u00e1s- su celular.<\/p>\n\n\n\n<p class=\"has-medium-font-size\">Se trata de dos j\u00f3venes de 20 y 22 a\u00f1os de edad, con varios antecedentes judiciales y policiales. Ambos ser\u00e1n formalizados en el Centro Judicial Santa Rosa durante la jornada de este mi\u00e9rcoles. El chico herido est\u00e1 fuera de peligro.\n\n<\/p>\n","protected":false},"excerpt":{"rendered":"<p>Un violento hecho ocurri\u00f3 en la tarde de este martes a plena luz del d\u00eda<\/p>\n","protected":false},"author":1,"featured_media":29996,"comment_status":"closed","ping_status":"open","sticky":false,"template":"","format":"standard","meta":{"om_disable_all_campaigns":false,"_monsterinsights_skip_tracking":false,"_monsterinsights_sitenote_active":false,"_monsterinsights_sitenote_note":"","_monsterinsights_sitenote_category":0,"_uf_show_specific_survey":0,"_uf_disable_surveys":false,"footnotes":""},"categories":[32,1913],"tags":[],"class_list":["post-29995","post","type-post","status-publish","format-standard","has-post-thumbnail","hentry","category-actualidad","category-porvinciales"],"aioseo_notices":[],"_links":{"self":[{"href":"https:\/\/revistabife.com\/index.php\/wp-json\/wp\/v2\/posts\/29995"}],"collection":[{"href":"https:\/\/revistabife.com\/index.php\/wp-json\/wp\/v2\/posts"}],"about":[{"href":"https:\/\/revistabife.com\/index.php\/wp-json\/wp\/v2\/types\/post"}],"author":[{"embeddable":true,"href":"https:\/\/revistabife.com\/index.php\/wp-json\/wp\/v2\/users\/1"}],"replies":[{"embeddable":true,"href":"https:\/\/revistabife.com\/index.php\/wp-json\/wp\/v2\/comments?post=29995"}],"version-history":[{"count":1,"href":"https:\/\/revistabife.com\/index.php\/wp-json\/wp\/v2\/posts\/29995\/revisions"}],"predecessor-version":[{"id":29998,"href":"https:\/\/revistabife.com\/index.php\/wp-json\/wp\/v2\/posts\/29995\/revisions\/29998"}],"wp:featuredmedia":[{"embeddable":true,"href":"https:\/\/revistabife.com\/index.php\/wp-json\/wp\/v2\/media\/29996"}],"wp:attachment":[{"href":"https:\/\/revistabife.com\/index.php\/wp-json\/wp\/v2\/media?parent=29995"}],"wp:term":[{"taxonomy":"category","embeddable":true,"href":"https:\/\/revistabife.com\/index.php\/wp-json\/wp\/v2\/categories?post=29995"},{"taxonomy":"post_tag","embeddable":true,"href":"https:\/\/revistabife.com\/index.php\/wp-json\/wp\/v2\/tags?post=29995"}],"curies":[{"name":"wp","href":"https:\/\/api.w.org\/{rel}","templated":true}]}}