{"id":29990,"date":"2023-03-07T20:29:11","date_gmt":"2023-03-07T23:29:11","guid":{"rendered":"http:\/\/revistabife.com\/?p=29990"},"modified":"2023-03-07T20:29:12","modified_gmt":"2023-03-07T23:29:12","slug":"arata-seis-familias-recibieron-sus-viviendas-del-plan-mi-casa-1","status":"publish","type":"post","link":"https:\/\/revistabife.com\/index.php\/2023\/03\/07\/arata-seis-familias-recibieron-sus-viviendas-del-plan-mi-casa-1\/","title":{"rendered":"Arata: Seis familias recibieron sus viviendas del Plan Mi Casa 1"},"content":{"rendered":"\n<p class=\"has-drop-cap has-medium-font-size\">Seis familias de Arata recibieron en la ma\u00f1ana de este martes las llaves de sus flamantes viviendas construidas a trav\u00e9s del Plan &#8220;Mi Casa 1&#8221; que es financiado desde el Gobierno provincial y ejecutado y adjudicado desde los municipios y las Comisiones de Fomento.Encabezaron el acto junto al intendente local, Jorge Sosa, el ministro de Obras y Servicios P\u00fablicos, Julio Rojo; el presidente del Instituto Provincial de la Vivienda (IPAV), Jorge Lezcano, y el secretario de Asuntos Municipales, Rogelio Schanton. <\/p>\n\n\n\n<p class=\"has-medium-font-size\">Estuvieron presentes tambi\u00e9n, la diputada y vicepresidente 1ra de la Legislatura provincial, Alicia Mayoral, y las gerentas del IPAV,\u00a0 Erica Riboyra Y Romina Montes de Oca, entre otras autoridades provinciales y locales. Adem\u00e1s se hizo entrega de Bibliotecas del programa \u201cLibros y Casas\u201d.<br>El titular del organismo remarc\u00f3 que \u201cel gobernador Sergio Ziliotto se hizo cargo de la pol\u00edtica habitacional y cumple con su palabra. Este Plan Mi casa que fue proyectado por el ex gobernador Carlos Verna para localidades de menos de 10.000 habitantes en \u00e9pocas en que el expresidente Mauricio Macri nos negaba viviendas, cumple el sue\u00f1o de las familias del techo propio, da trabajo y moviliza la econom\u00eda regional\u201d, enfatiz\u00f3.<\/p>\n\n\n\n<p class=\"has-medium-font-size\">Lezcano felicit\u00f3 \u201ca las familias adjudicatarias y al intendente por su gesti\u00f3n, y porque ya estamos para firmar para comenzar a construir 12 viviendas. Nosotros rendimos cuentas con hechos. Los pampeanos y pampeanas sabemos razonar y no necesitamos que desde Buenos Aires y a trav\u00e9s de medios de comunicaci\u00f3n nos digan las cosas. Para un Gobierno peronista el trabajo, la dignidad y la justicia social son prioritarios. Por eso nos emocionamos cuando entregamos viviendas y eso ocurre porque hay Gobiernos nacional, provincial y local que estamos en la misma sinton\u00eda\u201d.<\/p>\n\n\n\n<p class=\"has-medium-font-size\">Agreg\u00f3 que todos los que formamos parte del circuito tenemos responsabilidades, as\u00ed como est\u00e1n las nuestras, est\u00e1n las de quienes hoy reciben su vivienda. Gobiernos populares, como los nuestros, disponen el presupuesto y los que reciben deben pagar la cuota. Y esa cuota va a un fondo que el Gobernador determin\u00f3 que sea para construir m\u00e1s viviendas del Plan Mi Casa 3\u201d.<br>\u201cGracias a todos por acompa\u00f1arnos y debemos cuidar estas pol\u00edticas para que podamos seguir teniendo momentos de felicidad como este que hoy viven estas seis familias\u201d.<br><br><strong>Intendente<\/strong><br>El intendente municipal de Arata, Jorge Sosa,\u00a0 agradeci\u00f3 al gobernador Sergio Ziliotto, y \u201ca todos los gobernadores que me acompa\u00f1aron en estos a\u00f1os de gesti\u00f3n. Estoy muy contento y agradecido por este momento. Trabajamos mucho con la gente del IPAV\u00a0 para dar respuestas a las necesidades de nuestra gente. Llevamos m\u00e1s de 11 a\u00f1os y hay una frase que pusimos hace a\u00f1os que dice: \u201dCon voluntad y proyecci\u00f3n\u201d y eso es justo lo que nosotros le ponemos a la gesti\u00f3n. Esos fueron nuestros pilares\u201d.<br>\u201cLos gobernadores que pasaron en estos a\u00f1os me acompa\u00f1aron para poder hacer que Arata crezca. Tenemos un pueblo ordenado, casi todas las personas j\u00f3venes tienen trabajo, las viviendas, todos hechos que llegan a la dignificaci\u00f3n. Me siento muy complacido de todos y todas los que nos acompa\u00f1aron y \u00a0seguiremos trabajando para que cada aratense sienta orgullo de vivir en esta localidad\u201d.<\/p>\n\n\n\n<p class=\"has-medium-font-size\"><strong>Adjudicatario<\/strong><br>Mart\u00edn Lazarte habl\u00f3 en nombre de las familias adjudicatarias, \u201ces un d\u00eda muy especial porque cumplimos el sue\u00f1o de la casa propia y comenzamos un proyecto nuevo cada familia. Hoy esperaremos a nuestros hijos para volver a lo que ser\u00e1 nuestra casa. Hoy pasamos a vivir d\u00edas de tranquilidad y felicidad en nuestra propia casa, gracias a todas las autoridades por permitirnos vivir este momento\u201d.\n\n<\/p>\n","protected":false},"excerpt":{"rendered":"<p>Seis familias de Arata recibieron en la ma\u00f1ana de este martes las llaves de sus<\/p>\n","protected":false},"author":1,"featured_media":29991,"comment_status":"closed","ping_status":"open","sticky":false,"template":"","format":"standard","meta":{"om_disable_all_campaigns":false,"_monsterinsights_skip_tracking":false,"_monsterinsights_sitenote_active":false,"_monsterinsights_sitenote_note":"","_monsterinsights_sitenote_category":0,"_uf_show_specific_survey":0,"_uf_disable_surveys":false,"footnotes":""},"categories":[32,1913],"tags":[],"class_list":["post-29990","post","type-post","status-publish","format-standard","has-post-thumbnail","hentry","category-actualidad","category-porvinciales"],"aioseo_notices":[],"_links":{"self":[{"href":"https:\/\/revistabife.com\/index.php\/wp-json\/wp\/v2\/posts\/29990"}],"collection":[{"href":"https:\/\/revistabife.com\/index.php\/wp-json\/wp\/v2\/posts"}],"about":[{"href":"https:\/\/revistabife.com\/index.php\/wp-json\/wp\/v2\/types\/post"}],"author":[{"embeddable":true,"href":"https:\/\/revistabife.com\/index.php\/wp-json\/wp\/v2\/users\/1"}],"replies":[{"embeddable":true,"href":"https:\/\/revistabife.com\/index.php\/wp-json\/wp\/v2\/comments?post=29990"}],"version-history":[{"count":1,"href":"https:\/\/revistabife.com\/index.php\/wp-json\/wp\/v2\/posts\/29990\/revisions"}],"predecessor-version":[{"id":29992,"href":"https:\/\/revistabife.com\/index.php\/wp-json\/wp\/v2\/posts\/29990\/revisions\/29992"}],"wp:featuredmedia":[{"embeddable":true,"href":"https:\/\/revistabife.com\/index.php\/wp-json\/wp\/v2\/media\/29991"}],"wp:attachment":[{"href":"https:\/\/revistabife.com\/index.php\/wp-json\/wp\/v2\/media?parent=29990"}],"wp:term":[{"taxonomy":"category","embeddable":true,"href":"https:\/\/revistabife.com\/index.php\/wp-json\/wp\/v2\/categories?post=29990"},{"taxonomy":"post_tag","embeddable":true,"href":"https:\/\/revistabife.com\/index.php\/wp-json\/wp\/v2\/tags?post=29990"}],"curies":[{"name":"wp","href":"https:\/\/api.w.org\/{rel}","templated":true}]}}