{"id":29987,"date":"2023-03-07T20:21:18","date_gmt":"2023-03-07T23:21:18","guid":{"rendered":"http:\/\/revistabife.com\/?p=29987"},"modified":"2023-03-07T20:21:19","modified_gmt":"2023-03-07T23:21:19","slug":"inicia-la-construccion-de-viviendas-para-relocalizar-a-familias-del-barrio-almafuerte","status":"publish","type":"post","link":"https:\/\/revistabife.com\/index.php\/2023\/03\/07\/inicia-la-construccion-de-viviendas-para-relocalizar-a-familias-del-barrio-almafuerte\/","title":{"rendered":"Inicia la construcci\u00f3n de viviendas para relocalizar a familias del barrio Almafuerte"},"content":{"rendered":"\n<p class=\"has-drop-cap has-medium-font-size\">En la ma\u00f1ana de este martes, el gobernador Sergio Ziliotto firm\u00f3 el Decreto mediante el cual se comenzar\u00e1 la construcci\u00f3n de las viviendas en donde ser\u00e1n relocalizadas las familias del barrio Almafuerte de Santa Rosa. <\/p>\n\n\n\n<p class=\"has-medium-font-size\">El titular del IPAV, Jorge Lezcano, record\u00f3 que \u201cel gobernador, Sergio Ziliotto, nos dio la indicaci\u00f3n de avanzar en la soluci\u00f3n del problema. Hoy podemos decir que con la firma de este Decreto la relocalizaci\u00f3n avanza y con ella la tranquilidad para estas familias\u201d.<\/p>\n\n\n\n<p class=\"has-medium-font-size\">Lezcano expres\u00f3 que en su momento se hab\u00eda firmado un Acta con las familias y la Municipalidad de Santa Rosa que inclu\u00eda: la relocalizaci\u00f3n de las viviendas consensuadas; el acuerdo con la Municipalidad para la demolici\u00f3n de las viviendas de las familias relocalizadas y la factibilidad de recupero de los materiales; un plan de paliativos durante la ejecuci\u00f3n del Protocolo de Relocalizaci\u00f3n Consensuado y el proceso de regularizaci\u00f3n de dominio. <\/p>\n","protected":false},"excerpt":{"rendered":"<p>En la ma\u00f1ana de este martes, el gobernador Sergio Ziliotto firm\u00f3 el Decreto mediante el<\/p>\n","protected":false},"author":1,"featured_media":29988,"comment_status":"closed","ping_status":"open","sticky":false,"template":"","format":"standard","meta":{"om_disable_all_campaigns":false,"_monsterinsights_skip_tracking":false,"_monsterinsights_sitenote_active":false,"_monsterinsights_sitenote_note":"","_monsterinsights_sitenote_category":0,"_uf_show_specific_survey":0,"_uf_disable_surveys":false,"footnotes":""},"categories":[32,1913],"tags":[],"class_list":["post-29987","post","type-post","status-publish","format-standard","has-post-thumbnail","hentry","category-actualidad","category-porvinciales"],"aioseo_notices":[],"_links":{"self":[{"href":"https:\/\/revistabife.com\/index.php\/wp-json\/wp\/v2\/posts\/29987"}],"collection":[{"href":"https:\/\/revistabife.com\/index.php\/wp-json\/wp\/v2\/posts"}],"about":[{"href":"https:\/\/revistabife.com\/index.php\/wp-json\/wp\/v2\/types\/post"}],"author":[{"embeddable":true,"href":"https:\/\/revistabife.com\/index.php\/wp-json\/wp\/v2\/users\/1"}],"replies":[{"embeddable":true,"href":"https:\/\/revistabife.com\/index.php\/wp-json\/wp\/v2\/comments?post=29987"}],"version-history":[{"count":1,"href":"https:\/\/revistabife.com\/index.php\/wp-json\/wp\/v2\/posts\/29987\/revisions"}],"predecessor-version":[{"id":29989,"href":"https:\/\/revistabife.com\/index.php\/wp-json\/wp\/v2\/posts\/29987\/revisions\/29989"}],"wp:featuredmedia":[{"embeddable":true,"href":"https:\/\/revistabife.com\/index.php\/wp-json\/wp\/v2\/media\/29988"}],"wp:attachment":[{"href":"https:\/\/revistabife.com\/index.php\/wp-json\/wp\/v2\/media?parent=29987"}],"wp:term":[{"taxonomy":"category","embeddable":true,"href":"https:\/\/revistabife.com\/index.php\/wp-json\/wp\/v2\/categories?post=29987"},{"taxonomy":"post_tag","embeddable":true,"href":"https:\/\/revistabife.com\/index.php\/wp-json\/wp\/v2\/tags?post=29987"}],"curies":[{"name":"wp","href":"https:\/\/api.w.org\/{rel}","templated":true}]}}