{"id":29984,"date":"2023-03-07T20:14:06","date_gmt":"2023-03-07T23:14:06","guid":{"rendered":"http:\/\/revistabife.com\/?p=29984"},"modified":"2023-03-07T20:14:07","modified_gmt":"2023-03-07T23:14:07","slug":"gerardo-morales-apunto-contra-macri-y-aseguro-que-buscara-debilitar-al-radicalismo","status":"publish","type":"post","link":"https:\/\/revistabife.com\/index.php\/2023\/03\/07\/gerardo-morales-apunto-contra-macri-y-aseguro-que-buscara-debilitar-al-radicalismo\/","title":{"rendered":"Gerardo Morales apunt\u00f3 contra Macri y asegur\u00f3 que buscar\u00e1 &#8220;debilitar&#8221; al radicalismo"},"content":{"rendered":"\n<p class=\"has-drop-cap has-medium-font-size\">El gobernador de Jujuy y presidente del radicalismo, Gerardo Morales, anticip\u00f3 que Mauricio Macri que har\u00e1 &#8220;todo lo que pueda para debilitar&#8221; a la UCR y a su postulaci\u00f3n presidencial, de cara a los comicios PASO de agosto de este a\u00f1o.<\/p>\n\n\n\n<p class=\"has-medium-font-size\">En este sentido, el jefe comunal prepara su lanzamiento el 15 de marzo en el teatro Gran Rex y apunt\u00f3: &#8220;Todo lo que pueda hacer Mauricio para debilitar al radicalismo y a mi candidatura presidencial lo va a hacer\u201d, en declaraciones radiales.<\/p>\n\n\n\n<p class=\"has-medium-font-size\">&#8220;Tenemos un partido muy fuerte, m\u00e1s del 70 % de los candidatos con mayores expectativas en todo el territorio del pa\u00eds son de la UCR&#8221;, resalt\u00f3 en una declaraci\u00f3n que incrementa la interna dentro del partido por el poder que mantiene el PRO.<\/p>\n\n\n\n<p class=\"has-medium-font-size\">Asimismo, reconoci\u00f3 que trabaja &#8220;muy bien en el programa de gobierno con las otras fuerzas pol\u00edticas&#8221;, puntualiz\u00f3 en Horacio Rodr\u00edguez Larreta, Patricia Bullrich, Elisa Carri\u00f3 y Miguel Pichetto.<\/p>\n\n\n\n<p class=\"has-medium-font-size\">&#8220;El radicalismo va a tener un Congreso Program\u00e1tico en el mes de abril en C\u00f3rdoba donde vamos a ajustar aquellos temas donde eventualmente podemos tener algunas diferencias. A esta altura tenemos casi un programa de gobierno, lo que no tuvimos en 2015&#8221;, explic\u00f3 y agreg\u00f3 que su &#8220;lanzamiento y la participaci\u00f3n mayoritaria de m\u00e1s del 80% de los referentes de todo el pa\u00eds tiene que ver con esto, con no ser furg\u00f3n de cola&#8221;.<\/p>\n\n\n\n<p class=\"has-medium-font-size\">&#8220;Vamos a formar parte de la coalici\u00f3n de gobierno, no estamos de acuerdo con esta idea del PRO de repartirse el gobierno nacional, la CABA, es una idea no ajustada a los tiempos pol\u00edticos que estamos viviendo&#8221;, concluy\u00f3.<\/p>\n","protected":false},"excerpt":{"rendered":"<p>El gobernador de Jujuy y presidente del radicalismo, Gerardo Morales, anticip\u00f3 que Mauricio Macri que<\/p>\n","protected":false},"author":1,"featured_media":29985,"comment_status":"closed","ping_status":"open","sticky":false,"template":"","format":"standard","meta":{"om_disable_all_campaigns":false,"_monsterinsights_skip_tracking":false,"_monsterinsights_sitenote_active":false,"_monsterinsights_sitenote_note":"","_monsterinsights_sitenote_category":0,"_uf_show_specific_survey":0,"_uf_disable_surveys":false,"footnotes":""},"categories":[32,1913],"tags":[],"class_list":["post-29984","post","type-post","status-publish","format-standard","has-post-thumbnail","hentry","category-actualidad","category-porvinciales"],"aioseo_notices":[],"_links":{"self":[{"href":"https:\/\/revistabife.com\/index.php\/wp-json\/wp\/v2\/posts\/29984"}],"collection":[{"href":"https:\/\/revistabife.com\/index.php\/wp-json\/wp\/v2\/posts"}],"about":[{"href":"https:\/\/revistabife.com\/index.php\/wp-json\/wp\/v2\/types\/post"}],"author":[{"embeddable":true,"href":"https:\/\/revistabife.com\/index.php\/wp-json\/wp\/v2\/users\/1"}],"replies":[{"embeddable":true,"href":"https:\/\/revistabife.com\/index.php\/wp-json\/wp\/v2\/comments?post=29984"}],"version-history":[{"count":1,"href":"https:\/\/revistabife.com\/index.php\/wp-json\/wp\/v2\/posts\/29984\/revisions"}],"predecessor-version":[{"id":29986,"href":"https:\/\/revistabife.com\/index.php\/wp-json\/wp\/v2\/posts\/29984\/revisions\/29986"}],"wp:featuredmedia":[{"embeddable":true,"href":"https:\/\/revistabife.com\/index.php\/wp-json\/wp\/v2\/media\/29985"}],"wp:attachment":[{"href":"https:\/\/revistabife.com\/index.php\/wp-json\/wp\/v2\/media?parent=29984"}],"wp:term":[{"taxonomy":"category","embeddable":true,"href":"https:\/\/revistabife.com\/index.php\/wp-json\/wp\/v2\/categories?post=29984"},{"taxonomy":"post_tag","embeddable":true,"href":"https:\/\/revistabife.com\/index.php\/wp-json\/wp\/v2\/tags?post=29984"}],"curies":[{"name":"wp","href":"https:\/\/api.w.org\/{rel}","templated":true}]}}