{"id":29981,"date":"2023-03-07T12:14:47","date_gmt":"2023-03-07T15:14:47","guid":{"rendered":"http:\/\/revistabife.com\/?p=29981"},"modified":"2023-03-07T12:14:48","modified_gmt":"2023-03-07T15:14:48","slug":"8m-la-cpe-acompana-la-participacion-de-sus-trabajadoras","status":"publish","type":"post","link":"https:\/\/revistabife.com\/index.php\/2023\/03\/07\/8m-la-cpe-acompana-la-participacion-de-sus-trabajadoras\/","title":{"rendered":"8M: La CPE acompa\u00f1a la participaci\u00f3n de sus trabajadoras"},"content":{"rendered":"\n<p class=\"has-drop-cap has-medium-font-size\">Durante este 8M, en Santa Rosa no habr\u00e1 atenci\u00f3n al p\u00fablico de los servicios de Energ\u00eda El\u00e9ctrica y Telecomunicaciones, tanto en la sede central que funciona en el sal\u00f3n de la Usina, sobre avenida 1\u00ba de Mayo, como en el Centro &#8220;Carlos Lorenzo&#8221;, en Jos\u00e9 Luro y Per\u00fa. S\u00ed habr\u00e1 atenci\u00f3n normal en la sede Toay. Respecto de las enfermer\u00edas, solamente las salas &#8220;Juan Palasciano&#8221; (1\u00ba de Mayo 834) y &#8220;H\u00e9ctor Vendramini&#8221; (Roque S\u00e1enz Pe\u00f1a 1.135) trabajar\u00e1n en sus horarios habituales. Los esquemas de guardias de los distintos servicios se mantendr\u00e1n activos.<\/p>\n\n\n\n<p class=\"has-medium-font-size\">La CPE inform\u00f3 con motivo del #8M D\u00eda Internacional de la Mujer, teniendo en cuenta la convocatoria general e internacional al paro del d\u00eda mi\u00e9rcoles 8 de marzo, el Consejo de Administraci\u00f3n hace p\u00fablico su acompa\u00f1amiento a la participaci\u00f3n de las mujeres trabajadoras que libremente decidan adherir a la medida.<\/p>\n\n\n\n<p class=\"has-medium-font-size\"><strong>Acompa\u00f1amiento institucional<br><\/strong>Mesa Directiva emiti\u00f3 un documento institucional donde indica que, lejos de tratarse de un d\u00eda festivo, el origen del 8M &#8220;se enmarca en un contexto hist\u00f3rico e ideol\u00f3gico determinado por profundas desigualdades de g\u00e9nero. En cuanto a femicidios, la violencia m\u00e1s extrema perpetrada en mujeres, las estad\u00edsticas muestran que no hay cambios significativos en las cifras de mujeres asesinadas, ni en sus formas, ni en qui\u00e9n las asesina, desde los poderes del Estado faltan tomar medidas que sean efectivas con perspectiva interseccional. Como sociedad hemos naturalizado encontrarnos cada d\u00eda con la noticia de un femicidio m\u00e1s. Cada 32 horas una mujer es asesinada en nuestro pa\u00eds. Se necesitan reformas contundentes en la justicia, en las pol\u00edticas p\u00fablicas, en los medios de comunicaci\u00f3n, y en la educaci\u00f3n formal y no formal&#8221;.<\/p>\n\n\n\n<p class=\"has-medium-font-size\">Agrega que la CPE &#8220;est\u00e1 comprometida con la igualdad y equidad de g\u00e9nero y trabaja para promover acciones positivas en pos de lograr ese objetivo en la organizaci\u00f3n. Reivindicamos la lucha de las mujeres y diversidades por vivir en un mundo m\u00e1s justo. Entendemos que la acci\u00f3n de un paro implica una medida extrema para cualquier organizaci\u00f3n pero tambi\u00e9n, porque es extrema la violencia que vivimos las mujeres y diversidades a\u00fan en el siglo XXI, resulta necesario que una instituci\u00f3n como la CPE acompa\u00f1e la lucha facilitando la participaci\u00f3n en lo que creemos es construcci\u00f3n de ciudadan\u00eda&#8221;.<\/p>\n\n\n\n<p class=\"has-medium-font-size\">Finalmente Mesa Directiva invita &#8220;a las personas que hacen y hacemos esta organizaci\u00f3n a reflexionar sobre los propios actos que generan desigualdad de g\u00e9nero, concientizar y construir entornos libres de violencias, especialmente en el \u00e1mbito de trabajo el cual nos convoca&#8221;.\n\n<\/p>\n","protected":false},"excerpt":{"rendered":"<p>Durante este 8M, en Santa Rosa no habr\u00e1 atenci\u00f3n al p\u00fablico de los servicios de<\/p>\n","protected":false},"author":1,"featured_media":29982,"comment_status":"closed","ping_status":"open","sticky":false,"template":"","format":"standard","meta":{"om_disable_all_campaigns":false,"_monsterinsights_skip_tracking":false,"_monsterinsights_sitenote_active":false,"_monsterinsights_sitenote_note":"","_monsterinsights_sitenote_category":0,"_uf_show_specific_survey":0,"_uf_disable_surveys":false,"footnotes":""},"categories":[32,1913],"tags":[],"class_list":["post-29981","post","type-post","status-publish","format-standard","has-post-thumbnail","hentry","category-actualidad","category-porvinciales"],"aioseo_notices":[],"_links":{"self":[{"href":"https:\/\/revistabife.com\/index.php\/wp-json\/wp\/v2\/posts\/29981"}],"collection":[{"href":"https:\/\/revistabife.com\/index.php\/wp-json\/wp\/v2\/posts"}],"about":[{"href":"https:\/\/revistabife.com\/index.php\/wp-json\/wp\/v2\/types\/post"}],"author":[{"embeddable":true,"href":"https:\/\/revistabife.com\/index.php\/wp-json\/wp\/v2\/users\/1"}],"replies":[{"embeddable":true,"href":"https:\/\/revistabife.com\/index.php\/wp-json\/wp\/v2\/comments?post=29981"}],"version-history":[{"count":1,"href":"https:\/\/revistabife.com\/index.php\/wp-json\/wp\/v2\/posts\/29981\/revisions"}],"predecessor-version":[{"id":29983,"href":"https:\/\/revistabife.com\/index.php\/wp-json\/wp\/v2\/posts\/29981\/revisions\/29983"}],"wp:featuredmedia":[{"embeddable":true,"href":"https:\/\/revistabife.com\/index.php\/wp-json\/wp\/v2\/media\/29982"}],"wp:attachment":[{"href":"https:\/\/revistabife.com\/index.php\/wp-json\/wp\/v2\/media?parent=29981"}],"wp:term":[{"taxonomy":"category","embeddable":true,"href":"https:\/\/revistabife.com\/index.php\/wp-json\/wp\/v2\/categories?post=29981"},{"taxonomy":"post_tag","embeddable":true,"href":"https:\/\/revistabife.com\/index.php\/wp-json\/wp\/v2\/tags?post=29981"}],"curies":[{"name":"wp","href":"https:\/\/api.w.org\/{rel}","templated":true}]}}